{"id":2707,"date":"2017-08-27T11:55:11","date_gmt":"2017-08-27T09:55:11","guid":{"rendered":"http:\/\/www.gedichtladen.de\/blog\/?p=2707"},"modified":"2023-12-08T22:59:47","modified_gmt":"2023-12-08T20:59:47","slug":"kolumne-kw-34-2017-dichternoete","status":"publish","type":"post","link":"https:\/\/www.gedichtladen.de\/blog\/archive\/2707","title":{"rendered":"Kolumne KW 34 2017 &#8222;Dichtern\u00f6te&#8220;"},"content":{"rendered":"<p><strong>Dichtern\u00f6te<\/strong>&nbsp;<\/p>\n<p>Der Bedarf an Gedichten ist ja nicht gerade hoch, selbst zu Festlichkeiten nicht, wo sich ein paar gereimte Worte eigentlich immer ganz gut machen. Irgendetwas an selbstge\u00admach\u00adter Kultur sollte es nach meinem Empfinden jedenfalls auf einer Hochzeit oder einem Jubil\u00e4um geben, wenn das ausbleibt, ist f\u00fcr mich der Abend immer verdorben und ich kann mich nur schwer \u00fcberwinden, dann \u00fcberhaupt hinzugehen.<!--more--><\/p>\n<p>\nZiel dieser Seite war es einmal, in einem bescheidenen Umfang solche T\u00e4tigkeiten auszu\u00fcben und es gab \u00fcber die Jahre auch sehr sch\u00f6ne Beispiele daf\u00fcr, bei denen die jeweiligen Adressaten auch \u00fcberwie\u00adgend zufrieden waren, aber es waren eben nur wenige Beispiele \u00fcber das Jahr gesehen, und daraus auch nur ann\u00e4hernd ein Bewerbchen zu machen, muss man als gescheitert ansehen, obwohl die Kunstfertigkeit eher gewachsen ist, wenn man das von sich sagen darf. Man hat ja \u00fcber die Jahre die Belege, was man einst f\u00fcr verquaste Gedichte abgeliefert hat.<\/p>\n<p>\nWir sind also nun ganz auf den privaten Bereich beschr\u00e4nkt. Da gibt es Eltern, Geschwister, Kinder und Enkel, die man noch bedenken kann, und einige Lehrer und Kollegen aus gewesenen Zeiten.<\/p>\n<p>\nEin solcher ist ein bekannter Professor von bis ins Alter sportlicher Statur, der zwar kunst- und musikbeflissen, dennoch sachlich bis ins Mark ist, wohl auch ein Schnellesser, vor dem man nur den Hut ziehen kann. Von ihm kam nun die Ma\u00dfgabe: keine Elogen, sondern Spa\u00df!, denn ein gro\u00dfes Jubil\u00e4um steht jetzt auch bei ihm bevor. Am besten w\u00e4re da wohl gar nichts, das k\u00e4me wohl den Intentionen des Jubilars am n\u00e4chsten, aber wegen oben aufgezeig\u00adter Aversion f\u00fcr Veranstaltungen ohne eine dichterische Darbietung, die nicht einmal vom Publikum, sondern vom Reimer selbst ausgeht, k\u00f6nnte dieser sich ja nicht einmal dorthinbegeben.<\/p>\n<p>\nMan ist ja nun kein Comedian, aber ein solcher Wunsch kann nat\u00fcrlich nicht in den Wind geschlagen werden, wobei es dann zwei M\u00f6glichkeiten gibt: Entweder man zieht den Jubilar durch den Kakao oder man zielt auf das Publikum ab.<\/p>\n<p>\nDiejenigen, die bei der als Umtrunk deklarierten Feier im Januar in Jena dabeisein werden, k\u00f6nnen sich dann vielleicht selbst ein Bild machen, wenn nicht dem Dichter der Zutritt in weiser Voraussicht gleich verwehrt wird.<\/p>\n<p>\n<em>Christian Rempel in Zeuthen, den 26.8.2017<\/em><\/p>\n","protected":false},"excerpt":{"rendered":"<p>Dichtern\u00f6te&nbsp; Der Bedarf an Gedichten ist ja nicht gerade hoch, selbst zu Festlichkeiten nicht, wo sich ein paar gereimte Worte eigentlich immer ganz gut machen. Irgendetwas an selbstge\u00admach\u00adter Kultur sollte es nach meinem Empfinden jedenfalls auf einer Hochzeit oder einem&#8230;<br \/><a class=\"read-more-button\" href=\"https:\/\/www.gedichtladen.de\/blog\/archive\/2707\">Mehr Lesen<\/a><\/p>\n","protected":false},"author":1,"featured_media":0,"comment_status":"open","ping_status":"open","sticky":false,"template":"","format":"standard","meta":{"footnotes":""},"categories":[12],"tags":[],"class_list":["post-2707","post","type-post","status-publish","format-standard","hentry","category-kolumne"],"_links":{"self":[{"href":"https:\/\/www.gedichtladen.de\/blog\/wp-json\/wp\/v2\/posts\/2707","targetHints":{"allow":["GET"]}}],"collection":[{"href":"https:\/\/www.gedichtladen.de\/blog\/wp-json\/wp\/v2\/posts"}],"about":[{"href":"https:\/\/www.gedichtladen.de\/blog\/wp-json\/wp\/v2\/types\/post"}],"author":[{"embeddable":true,"href":"https:\/\/www.gedichtladen.de\/blog\/wp-json\/wp\/v2\/users\/1"}],"replies":[{"embeddable":true,"href":"https:\/\/www.gedichtladen.de\/blog\/wp-json\/wp\/v2\/comments?post=2707"}],"version-history":[{"count":6,"href":"https:\/\/www.gedichtladen.de\/blog\/wp-json\/wp\/v2\/posts\/2707\/revisions"}],"predecessor-version":[{"id":2713,"href":"https:\/\/www.gedichtladen.de\/blog\/wp-json\/wp\/v2\/posts\/2707\/revisions\/2713"}],"wp:attachment":[{"href":"https:\/\/www.gedichtladen.de\/blog\/wp-json\/wp\/v2\/media?parent=2707"}],"wp:term":[{"taxonomy":"category","embeddable":true,"href":"https:\/\/www.gedichtladen.de\/blog\/wp-json\/wp\/v2\/categories?post=2707"},{"taxonomy":"post_tag","embeddable":true,"href":"https:\/\/www.gedichtladen.de\/blog\/wp-json\/wp\/v2\/tags?post=2707"}],"curies":[{"name":"wp","href":"https:\/\/api.w.org\/{rel}","templated":true}]}}