{"id":2700,"date":"2017-08-13T13:44:16","date_gmt":"2017-08-13T11:44:16","guid":{"rendered":"http:\/\/www.gedichtladen.de\/blog\/?p=2700"},"modified":"2023-12-08T22:59:47","modified_gmt":"2023-12-08T20:59:47","slug":"kolumne-kw-32-2017-jeder-ist-erwaehlt","status":"publish","type":"post","link":"https:\/\/www.gedichtladen.de\/blog\/archive\/2700","title":{"rendered":"Kolumne KW 32 2017 &#8222;Jeder ist erw\u00e4hlt&#8220;"},"content":{"rendered":"<p><strong>Jeder ist erw\u00e4hlt<\/strong>&nbsp;<\/p>\n<p>Wenn man sich des Ansinnens und der Zumutung der Selbst\u00adliebe erfolgreich erwehrt, was doch eine sehr unsoziale Heran\u00adgehensweise w\u00e4re, bleibt dann die Frage, ob es denn opportun ist, einen Plan f\u00fcr sich zu haben. Besonders Pl\u00e4ne in der Liebe, die ja dann, wenn man die Selbstliebe ablehnt und auch keiner Verir\u00adrung ins Gleichgeschlecht\u00adliche obliegt, sind doch die Pl\u00e4ne, die man eigentlich haben sollte.<\/p>\n<p><!--more-->Ob man dabei die Versch\u00f6ne\u00adrung einer schon bestehenden Lebensgemeinschaft im Auge hat oder sich auf einer vielleicht lebenslangen Suche nach \u00fcberhaupt einem verehrungsw\u00fcr\u00addigen Lebenspartner befindet, ist eigentlich zweitrangig. Es ist nur die Frage, ob das in Verruf geratene Element der Planung \u00fcberhaupt f\u00fcr das Leben geeignet ist, das ja dann doch seine eigenen Wege geht und es manchmal geradezu darauf angelegt zu haben scheint, jegliches Lebenspl\u00e4nchen zu durchkreuzen, was den Zaghaften eben eingegeben haben mag, dass vielleicht sogar ihre wohlmeinende Lebenspla\u00adnung daran schuld gewesen sein k\u00f6nnte, dass man sich eben \u00fcberhoben h\u00e4tte.<\/p>\n<p>\nNach meiner Meinung ist aber jeder, der \u00fcber sich nachdenkt und kein ausgemachter Schuft ist, auch ein Erw\u00e4hlter, was man sowohl als tiefe Quelle des Gottesgedankens oder als eine einfache, von mir aufgestellte Hypothese ansehen kann. Macht man sich das klar und gleitet nicht in die schm\u00e4hliche Selbstliebe ab, ist es sogar notwendig, eine genau vorge\u00adfasste Meinung zu haben, wie sein Lebensweg sein k\u00f6nnte und wessen Liebe man zu erringen trachtet. Dabei darf man sich vor allem nicht irre machen vor einer Erf\u00fcllung, die doch oft viel weniger spektakul\u00e4r daher\u00adkommt, als der gefasste Lebens\u00adplan.<\/p>\n<p>\nDas Leben als Traumfabrik. Der seiner Erw\u00e4hltheit Bewusste wird sich seine Tr\u00e4ume selber zimmern.<\/p>\n<p>\n<em>Christian Rempel in Zeuthen, den 13.8.2017<\/em><\/p>\n","protected":false},"excerpt":{"rendered":"<p>Jeder ist erw\u00e4hlt&nbsp; Wenn man sich des Ansinnens und der Zumutung der Selbst\u00adliebe erfolgreich erwehrt, was doch eine sehr unsoziale Heran\u00adgehensweise w\u00e4re, bleibt dann die Frage, ob es denn opportun ist, einen Plan f\u00fcr sich zu haben. Besonders Pl\u00e4ne in&#8230;<br \/><a class=\"read-more-button\" href=\"https:\/\/www.gedichtladen.de\/blog\/archive\/2700\">Mehr Lesen<\/a><\/p>\n","protected":false},"author":1,"featured_media":0,"comment_status":"open","ping_status":"open","sticky":false,"template":"","format":"standard","meta":{"footnotes":""},"categories":[12],"tags":[],"class_list":["post-2700","post","type-post","status-publish","format-standard","hentry","category-kolumne"],"_links":{"self":[{"href":"https:\/\/www.gedichtladen.de\/blog\/wp-json\/wp\/v2\/posts\/2700","targetHints":{"allow":["GET"]}}],"collection":[{"href":"https:\/\/www.gedichtladen.de\/blog\/wp-json\/wp\/v2\/posts"}],"about":[{"href":"https:\/\/www.gedichtladen.de\/blog\/wp-json\/wp\/v2\/types\/post"}],"author":[{"embeddable":true,"href":"https:\/\/www.gedichtladen.de\/blog\/wp-json\/wp\/v2\/users\/1"}],"replies":[{"embeddable":true,"href":"https:\/\/www.gedichtladen.de\/blog\/wp-json\/wp\/v2\/comments?post=2700"}],"version-history":[{"count":2,"href":"https:\/\/www.gedichtladen.de\/blog\/wp-json\/wp\/v2\/posts\/2700\/revisions"}],"predecessor-version":[{"id":2702,"href":"https:\/\/www.gedichtladen.de\/blog\/wp-json\/wp\/v2\/posts\/2700\/revisions\/2702"}],"wp:attachment":[{"href":"https:\/\/www.gedichtladen.de\/blog\/wp-json\/wp\/v2\/media?parent=2700"}],"wp:term":[{"taxonomy":"category","embeddable":true,"href":"https:\/\/www.gedichtladen.de\/blog\/wp-json\/wp\/v2\/categories?post=2700"},{"taxonomy":"post_tag","embeddable":true,"href":"https:\/\/www.gedichtladen.de\/blog\/wp-json\/wp\/v2\/tags?post=2700"}],"curies":[{"name":"wp","href":"https:\/\/api.w.org\/{rel}","templated":true}]}}