{"id":2693,"date":"2017-07-30T11:55:51","date_gmt":"2017-07-30T09:55:51","guid":{"rendered":"http:\/\/www.gedichtladen.de\/blog\/?p=2693"},"modified":"2023-12-08T22:59:47","modified_gmt":"2023-12-08T20:59:47","slug":"kolumne-kw-30-2017-wie-die-liebe-unter-die-menschen-kommt","status":"publish","type":"post","link":"https:\/\/www.gedichtladen.de\/blog\/archive\/2693","title":{"rendered":"Kolumne KW 30 2017 &#8222;Wie die Liebe unter die Menschen kommt&#8220;"},"content":{"rendered":"<p><strong>Wie die Liebe unter die Men\u00adschen kommt<\/strong>&nbsp;<\/p>\n<p>Wir leben ja in einer weiblich dominierten Zeit und das sch\u00f6ne und so anziehende Geschlecht ist es ja auch, das scheinbar ganz ohne M\u00e4nner auskommt. Es bedarf ihrer nicht, dass sich die ohnehin sch\u00f6nen Frauen noch mehr aufh\u00fcbschen und sie sind ja auch mit dem Leben so verbunden, dass ihnen nichts fehlt und es auch dem Leben selbst, so scheint\u2019s, an nichts gebricht.<\/p>\n<p>\nDie meisten Kinder wachsen mit einer Mama auf, die sie besch\u00fctzt und bewahrt, die sie verw\u00f6hnt, wenn es sein muss, ewig Kind bleiben l\u00e4sst, und viele V\u00e4ter tun es den Frauen gleich, sind ebenso weiblich besorgt und betulich. Schon der kleinste Kratzer, z.B. durch mutwilliges Ritzen mit einer Rasierklinge oder das gelegentliche Ausdr\u00fccken von Zigaretten auf dem eigenen Arm sind Selbstgef\u00e4hrdungen und geben zu den gr\u00f6\u00dften Sorgen Anlass. Man k\u00f6nnte meinen, die Kinder sind vor allem von ihren M\u00fcttern geliebt und in ihren V\u00e4tern finden sie meistens Nachahmer dieser besorgten Weiblichkeit.<\/p>\n<p>\nM\u00e4nner sind nur noch selten unter sich, nicht mal mehr bei der Polizei oder beim Milit\u00e4r. Fr\u00fcher sollen sie an erster Stelle sich \u00fcber Pferde unterhalten haben und erst dann kamen die Frauen. Erstere spielen heute keine Rolle mehr, auch diese Dom\u00e4ne ist auf die Frauen \u00fcbergegangen, denen es nicht wenig Freude macht auf dem Pferder\u00fccken mit einiger Lust hin- und herzurutschen. Auch die Frauen sind nicht mehr so Thema, weil sie ja gar nicht mehr die Aufmerksamkeit so auf sich zu ziehen w\u00fcnschen und sich selbst genug sind, was die Anziehung nicht gerade erh\u00f6ht.<\/p>\n<p>\nDa bleibt dann freilich noch die Politik. Jeder Mann, der sich noch in eine solche M\u00e4nnerrunde begibt, ist ja ein Weltenlenker und wei\u00df ziemlich genau, was zu machen gerade angebracht w\u00e4re. Auch verzeichnen die M\u00e4nnerrunden einen erheblichen Erholungseffekt, wo es aus\u00adnahmsweise mal nicht darum geht, den Frauen, die das alles gar nicht mehr angeht, zu imponieren.<\/p>\n<p>\nDas w\u00e4re es denn also mit der Liebe, f\u00fcr die wenig Notwen\u00addigkeit besteht. Die Geschlechter f\u00fcr sich und zufrieden.<\/p>\n<p>\n<em>Christian Rempel in Zeuthen, den 25.7.2017<\/em><\/p>\n","protected":false},"excerpt":{"rendered":"<p>Wie die Liebe unter die Men\u00adschen kommt&nbsp; Wir leben ja in einer weiblich dominierten Zeit und das sch\u00f6ne und so anziehende Geschlecht ist es ja auch, das scheinbar ganz ohne M\u00e4nner auskommt. Es bedarf ihrer nicht, dass sich die ohnehin&#8230;<br \/><a class=\"read-more-button\" href=\"https:\/\/www.gedichtladen.de\/blog\/archive\/2693\">Mehr Lesen<\/a><\/p>\n","protected":false},"author":1,"featured_media":0,"comment_status":"open","ping_status":"open","sticky":false,"template":"","format":"standard","meta":{"footnotes":""},"categories":[12],"tags":[],"class_list":["post-2693","post","type-post","status-publish","format-standard","hentry","category-kolumne"],"_links":{"self":[{"href":"https:\/\/www.gedichtladen.de\/blog\/wp-json\/wp\/v2\/posts\/2693","targetHints":{"allow":["GET"]}}],"collection":[{"href":"https:\/\/www.gedichtladen.de\/blog\/wp-json\/wp\/v2\/posts"}],"about":[{"href":"https:\/\/www.gedichtladen.de\/blog\/wp-json\/wp\/v2\/types\/post"}],"author":[{"embeddable":true,"href":"https:\/\/www.gedichtladen.de\/blog\/wp-json\/wp\/v2\/users\/1"}],"replies":[{"embeddable":true,"href":"https:\/\/www.gedichtladen.de\/blog\/wp-json\/wp\/v2\/comments?post=2693"}],"version-history":[{"count":2,"href":"https:\/\/www.gedichtladen.de\/blog\/wp-json\/wp\/v2\/posts\/2693\/revisions"}],"predecessor-version":[{"id":2695,"href":"https:\/\/www.gedichtladen.de\/blog\/wp-json\/wp\/v2\/posts\/2693\/revisions\/2695"}],"wp:attachment":[{"href":"https:\/\/www.gedichtladen.de\/blog\/wp-json\/wp\/v2\/media?parent=2693"}],"wp:term":[{"taxonomy":"category","embeddable":true,"href":"https:\/\/www.gedichtladen.de\/blog\/wp-json\/wp\/v2\/categories?post=2693"},{"taxonomy":"post_tag","embeddable":true,"href":"https:\/\/www.gedichtladen.de\/blog\/wp-json\/wp\/v2\/tags?post=2693"}],"curies":[{"name":"wp","href":"https:\/\/api.w.org\/{rel}","templated":true}]}}