{"id":2690,"date":"2017-07-23T18:04:10","date_gmt":"2017-07-23T16:04:10","guid":{"rendered":"http:\/\/www.gedichtladen.de\/blog\/?p=2690"},"modified":"2023-12-08T22:59:47","modified_gmt":"2023-12-08T20:59:47","slug":"kolumne-kw-29-2017-ein-schiff-wird-kommen","status":"publish","type":"post","link":"https:\/\/www.gedichtladen.de\/blog\/archive\/2690","title":{"rendered":"Kolumne KW 29 2017 &#8222;Ein Schiff wird kommen&#8220;"},"content":{"rendered":"<p><strong>Ein Schiff wird kommen<\/strong>&nbsp;<\/p>\n<p>\u2026 und es bringt Dir die eine, nach der ich schon n\u00e4chtens weine, und es wird wunderbar.<\/p>\n<p>\nMan kann sich ja dar\u00fcber streiten, ob Kreuzfahrten das richtige sind, wo man nach Strich und Faden verw\u00f6hnt wird, man so viele Besch\u00e4ftigungen von der Spielh\u00f6lle \u00fcber Kinos bis hin zu einem Theater vorfindet, man sich in die H\u00e4fen als Masse ergie\u00dft und dann kaum noch treten kann, weil die wenigen Nordbewohner auf solche Flut auch nicht eingestellt sind. Das hat dann David Forster Wallace zu einer Persiflage gemacht in seinem Buch \u201eSchrecklich am\u00fcsant, aber in Zukunft ohne mich\u201c. Dieser amerikanische Journalist war von einem Reiseunternehmen angeheuert worden, um das Ganze noch werbewirksamer zu machen, aber herausgekommen ist eher eine Absage an das Verw\u00f6hnen.<\/p>\n<p><!--more-->Andererseits, wenn man ansonsten im Leben seinen Mann steht und es voller Pflichten ist, kann so ein Kontrastprogramm schon recht wohltuend sein. Nur dass so ein gro\u00dfes Schiff eben nicht in alle Fjorde kann, wenn es auf Nordroute ist, und in der K\u00fcrze der Zeit ganz sch\u00f6n Kilometer zu machen sind, dass dann auch mancher sogenannter Seetag einzulegen ist, wo einen eben nichts als Wasser umgibt und man schon mal seiner Spielleidenschaft oder anderen Gen\u00fcssen fr\u00f6nen muss.<\/p>\n<p>\nAuch wenn man nicht mitf\u00e4hrt, bekommt man durch die Webcam einen Eindruck von dem, was vom Bug aus zu sehen ist, und dieser befindet sich gerade heute am \u00e4u\u00dfersten n\u00f6rdlichen Ende Europas, eben dem Nordkap, wo man eigentlich f\u00fcr eine klare Nacht biwakieren m\u00fcsste, um festzustellen, dass die Sonne selbst um Mitternacht noch zu sehen ist, eben die sog. Mitternachtssonne.<\/p>\n<p>\nSo fern war ich der Angebeteten noch nie, aber der Luxusliner wird sie von heute an der Heimat immer n\u00e4her bringen, die wir gerade heute noch mal in Augenschein genommen haben, wobei mein Vater nur m\u00e4\u00dfig beeindruckt vom Friedhof und dem Lindencaf\u00e9 in Bestensee war. Immerhin ist er mal wieder rausgekommen und ist ein paar Schritte gelaufen. Gibt es auch etwas Sch\u00f6neres als den heutigen Sonntag, der mit einem Regenguss begann und mit herrlichem Sonnenschein sich fortsetzte?<\/p>\n<p>\n<em>Christian Rempel in Zeuthen, den 23.7.2017<\/em><\/p>\n","protected":false},"excerpt":{"rendered":"<p>Ein Schiff wird kommen&nbsp; \u2026 und es bringt Dir die eine, nach der ich schon n\u00e4chtens weine, und es wird wunderbar. Man kann sich ja dar\u00fcber streiten, ob Kreuzfahrten das richtige sind, wo man nach Strich und Faden verw\u00f6hnt wird,&#8230;<br \/><a class=\"read-more-button\" href=\"https:\/\/www.gedichtladen.de\/blog\/archive\/2690\">Mehr Lesen<\/a><\/p>\n","protected":false},"author":1,"featured_media":0,"comment_status":"open","ping_status":"open","sticky":false,"template":"","format":"standard","meta":{"footnotes":""},"categories":[12],"tags":[],"class_list":["post-2690","post","type-post","status-publish","format-standard","hentry","category-kolumne"],"_links":{"self":[{"href":"https:\/\/www.gedichtladen.de\/blog\/wp-json\/wp\/v2\/posts\/2690","targetHints":{"allow":["GET"]}}],"collection":[{"href":"https:\/\/www.gedichtladen.de\/blog\/wp-json\/wp\/v2\/posts"}],"about":[{"href":"https:\/\/www.gedichtladen.de\/blog\/wp-json\/wp\/v2\/types\/post"}],"author":[{"embeddable":true,"href":"https:\/\/www.gedichtladen.de\/blog\/wp-json\/wp\/v2\/users\/1"}],"replies":[{"embeddable":true,"href":"https:\/\/www.gedichtladen.de\/blog\/wp-json\/wp\/v2\/comments?post=2690"}],"version-history":[{"count":2,"href":"https:\/\/www.gedichtladen.de\/blog\/wp-json\/wp\/v2\/posts\/2690\/revisions"}],"predecessor-version":[{"id":2692,"href":"https:\/\/www.gedichtladen.de\/blog\/wp-json\/wp\/v2\/posts\/2690\/revisions\/2692"}],"wp:attachment":[{"href":"https:\/\/www.gedichtladen.de\/blog\/wp-json\/wp\/v2\/media?parent=2690"}],"wp:term":[{"taxonomy":"category","embeddable":true,"href":"https:\/\/www.gedichtladen.de\/blog\/wp-json\/wp\/v2\/categories?post=2690"},{"taxonomy":"post_tag","embeddable":true,"href":"https:\/\/www.gedichtladen.de\/blog\/wp-json\/wp\/v2\/tags?post=2690"}],"curies":[{"name":"wp","href":"https:\/\/api.w.org\/{rel}","templated":true}]}}