{"id":2674,"date":"2017-07-02T11:54:54","date_gmt":"2017-07-02T09:54:54","guid":{"rendered":"http:\/\/www.gedichtladen.de\/blog\/?p=2674"},"modified":"2023-12-08T22:59:47","modified_gmt":"2023-12-08T20:59:47","slug":"kolumne-kw-26-2017-generationen","status":"publish","type":"post","link":"https:\/\/www.gedichtladen.de\/blog\/archive\/2674","title":{"rendered":"Kolumne KW 26 2017 &#8222;Generationen&#8220;"},"content":{"rendered":"<p><strong>Generationen<\/strong>&nbsp;<\/p>\n<p>In meinem Alter (64) ist man ja geneigt, vieles zu ertragen, \u00fcber die Aufwallungen des Gem\u00fctes die Pflichten nicht zu vergessen und in allem etwas ma\u00dfvoll zu sein. Insbesondere bezieht sich das auf die Vermeidung von Gewalt, womit sich dann allerdings nicht alle Probleme l\u00f6sen lassen. Was dann bleibt, ist nicht mehr die Sehnsucht, geliebt zu werden, sondern es ist die Sehnsucht, selbst lieben zu k\u00f6nnen, die sich viel schwerer erf\u00fcllt.<\/p>\n<p><!--more-->Hat man dann mit jungen Leuten zu tun, sieht man schon, dass es auch Aggression gibt, aber vielleicht auch lebensvollere Liebe. Da wird ebenso schnell eingerissen, was noch gar nicht ganz aufgebaut ist, wobei wir uns doch gerade mit dem Einrei\u00dfen schwer tun als alte gesetzte Leute, obwohl es eben das Holz ist, aus dem auch die Natur gemacht ist, wo manchmal \u00dcberschwemmungen, Vulkanausbr\u00fcche oder Feuer alles zunichtemachen.<\/p>\n<p>\nMan kommt dann zu der Schluss\u00adfolgerung, und das ist schon altklug genug, dass jede Seite dieser Medaillen ihre Berechtigung hat, dass es das Gemessene und das aufr\u00fchrerisch Zerst\u00f6rerische geben muss. Dass man immer wieder auch in letzteres mit hineingezogen wird, dass man sich nicht ausruhen kann und dass man eines Tages abtreten muss und auf nicht viel Geschaffenes zur\u00fcckblicken kann.<\/p>\n<p>\nDa gibt es heute so viele Lebens\u00adentw\u00fcrfe, die auf den ersten Blick keinen anderen Eindruck erwecken als die totale Kaputtheit. Da gibt es Frauen, die nicht mehr sch\u00f6n sein wollen, M\u00e4nner, die nicht mehr stark sein wollen und weinen, gibt es Kinder, die keine Grenzen mehr erfahren, und Eltern, die sich in ihrer Besorgtheit fast schon dem Leben verweigern. In all diese Dinge ist keine Ordnung mehr zu bringen und Populisten, die verhei\u00dfen, sie wieder herzustellen, m\u00fcssen kl\u00e4glich zur\u00fcck\u00adrudern, wenn man sie dann mal aus Ratlosigkeit ans Ruder l\u00e4sst.<\/p>\n<p>\nPers\u00f6nliches Gl\u00fcck ist eine Seltenheit geworden. Ich suche es in extremen Vorstellungen, wie eine Frau zu heira\u00adten, die man noch nicht mal gek\u00fcsst hat, man eine grandiose Antizipation des Gl\u00fccks zur Grund\u00adlage nimmt, und meine Tochter sieht die Romantik im Alltag, sich zu streiten und wieder zu vertragen, all die kleinen Dinge gemeinsam zu bew\u00e4ltigen.<\/p>\n<p>\nGl\u00fcck hat eben viele Gesichter und nichts ist so sehr zu w\u00fcnschen, als dass jeder eine Facette davon zu sehen bekommt.<\/p>\n<p>\n<em>Christian Rempel in Zeuthen, den zum 2.7.2017<\/em><\/p>\n","protected":false},"excerpt":{"rendered":"<p>Generationen&nbsp; In meinem Alter (64) ist man ja geneigt, vieles zu ertragen, \u00fcber die Aufwallungen des Gem\u00fctes die Pflichten nicht zu vergessen und in allem etwas ma\u00dfvoll zu sein. Insbesondere bezieht sich das auf die Vermeidung von Gewalt, womit sich&#8230;<br \/><a class=\"read-more-button\" href=\"https:\/\/www.gedichtladen.de\/blog\/archive\/2674\">Mehr Lesen<\/a><\/p>\n","protected":false},"author":1,"featured_media":0,"comment_status":"open","ping_status":"open","sticky":false,"template":"","format":"standard","meta":{"footnotes":""},"categories":[12],"tags":[],"class_list":["post-2674","post","type-post","status-publish","format-standard","hentry","category-kolumne"],"_links":{"self":[{"href":"https:\/\/www.gedichtladen.de\/blog\/wp-json\/wp\/v2\/posts\/2674","targetHints":{"allow":["GET"]}}],"collection":[{"href":"https:\/\/www.gedichtladen.de\/blog\/wp-json\/wp\/v2\/posts"}],"about":[{"href":"https:\/\/www.gedichtladen.de\/blog\/wp-json\/wp\/v2\/types\/post"}],"author":[{"embeddable":true,"href":"https:\/\/www.gedichtladen.de\/blog\/wp-json\/wp\/v2\/users\/1"}],"replies":[{"embeddable":true,"href":"https:\/\/www.gedichtladen.de\/blog\/wp-json\/wp\/v2\/comments?post=2674"}],"version-history":[{"count":2,"href":"https:\/\/www.gedichtladen.de\/blog\/wp-json\/wp\/v2\/posts\/2674\/revisions"}],"predecessor-version":[{"id":2676,"href":"https:\/\/www.gedichtladen.de\/blog\/wp-json\/wp\/v2\/posts\/2674\/revisions\/2676"}],"wp:attachment":[{"href":"https:\/\/www.gedichtladen.de\/blog\/wp-json\/wp\/v2\/media?parent=2674"}],"wp:term":[{"taxonomy":"category","embeddable":true,"href":"https:\/\/www.gedichtladen.de\/blog\/wp-json\/wp\/v2\/categories?post=2674"},{"taxonomy":"post_tag","embeddable":true,"href":"https:\/\/www.gedichtladen.de\/blog\/wp-json\/wp\/v2\/tags?post=2674"}],"curies":[{"name":"wp","href":"https:\/\/api.w.org\/{rel}","templated":true}]}}