{"id":2667,"date":"2017-06-11T14:26:05","date_gmt":"2017-06-11T12:26:05","guid":{"rendered":"http:\/\/www.gedichtladen.de\/blog\/?p=2667"},"modified":"2023-12-08T22:59:47","modified_gmt":"2023-12-08T20:59:47","slug":"kolumne-kw-23-2017-alice-munro","status":"publish","type":"post","link":"https:\/\/www.gedichtladen.de\/blog\/archive\/2667","title":{"rendered":"Kolumne KW 23 2017 &#8222;Alice Munro&#8220;"},"content":{"rendered":"<p><strong>Alice Munro<\/strong><\/p>\n<p>&nbsp;<\/p>\n<p>Bei den Nobelpreisen f\u00fcr Literatur scheint es inzwischen ja auch eine Frauenquote zu geben. Fast jedes zweite Jahr erh\u00e4lt eine von ihnen diesen Preis. Darunter sind allerdings auch so geistig d\u00fcrftige Frauen wie Elfriede Jelinek, aber 2013 hatte das Komitee einen lichten Moment, als es Alice Munro, eine Kanadrerin, nominierte. Bekannt ist sie allerdings erst dann hierzulande geworden, zum Beispiel mit ihrem Erz\u00e4hlband \u201eZu viel Gl\u00fcck\u201c.<\/p>\n<p><!--more-->Zwar ist dieser Band auch so, dass man ihn nach der ersten Erz\u00e4hlung gleich in die Ecke werfen m\u00f6chte, aber wenn man sich einmal auf ihre Figuren einl\u00e4sst, die meistens einsame M\u00e4nner, aber noch n\u00e4her gehemmte und in gewisser Weise unterw\u00fcrfige Frauen und M\u00e4dchen beschreibt, kann man sich schon eher damit anfreunden. Nicht selten geht ein weibliches Schicksal, das nat\u00fcrlich f\u00fcr sie als Frauenschriftstellerin besonders aussagef\u00e4hig ist, trotz der kurzen Form manchmal von der fr\u00fchen Kindheit, dann meistens \u00fcber ein nur angedeutetes Studium bis hin zu einer gebeugten Rentnerin, die noch immer mit ihren Kindheitstraumata zu tun hat, was dann vielleicht das einzige Zeichen von Innerlichkeit ist, mit der sie ansonsten sparsam umgeht. Dass es immer eine Story sein muss, bringt nat\u00fcrlich manchmal drastische Situationen mit sich, bei denen es nicht selten um Mord und Totschlag geht.<\/p>\n<p>\nAber das sind \u00c4u\u00dferlichkeiten, die nicht schwerer wiegen als der Theatertod, den man der Dramatik wegen gern einsetzt. Insgesamt gewinnt sie dadurch dem einigerma\u00dfen langweiligen Alltag einige spannende und \u00fcberraschende Seiten ab. Es ist aber auch eine immer ein bisschen desillusionierende Sicht auf ganze Leben, die die Protagonistinnen oft von der Kindheit ins Endzeitalter pl\u00f6tzlich versetzt zeigen, dass dazwischen zwar oft wissenschaftliche Arbeit gewesen ist, diese Jahre aber gar nicht z\u00e4hlen, weil sie nichts weiter gebracht haben. Dieses Bestehen aus Kindheit und entt\u00e4uschtem Alter ist eine deprimierende Bilanz, die die Moderne zur Bedeutungslosigkeit zusammen\u00adschrumpfen l\u00e4sst. Sie kann als Realistin nat\u00fcrlich nur schreiben, was ist, und so scheint es eben zu sein.<\/p>\n<p>\n<em>Christian Rempel in Zeuthen, den 11.6.2017<\/em><\/p>\n","protected":false},"excerpt":{"rendered":"<p>Alice Munro &nbsp; Bei den Nobelpreisen f\u00fcr Literatur scheint es inzwischen ja auch eine Frauenquote zu geben. Fast jedes zweite Jahr erh\u00e4lt eine von ihnen diesen Preis. Darunter sind allerdings auch so geistig d\u00fcrftige Frauen wie Elfriede Jelinek, aber 2013&#8230;<br \/><a class=\"read-more-button\" href=\"https:\/\/www.gedichtladen.de\/blog\/archive\/2667\">Mehr Lesen<\/a><\/p>\n","protected":false},"author":1,"featured_media":0,"comment_status":"open","ping_status":"open","sticky":false,"template":"","format":"standard","meta":{"footnotes":""},"categories":[12],"tags":[],"class_list":["post-2667","post","type-post","status-publish","format-standard","hentry","category-kolumne"],"_links":{"self":[{"href":"https:\/\/www.gedichtladen.de\/blog\/wp-json\/wp\/v2\/posts\/2667","targetHints":{"allow":["GET"]}}],"collection":[{"href":"https:\/\/www.gedichtladen.de\/blog\/wp-json\/wp\/v2\/posts"}],"about":[{"href":"https:\/\/www.gedichtladen.de\/blog\/wp-json\/wp\/v2\/types\/post"}],"author":[{"embeddable":true,"href":"https:\/\/www.gedichtladen.de\/blog\/wp-json\/wp\/v2\/users\/1"}],"replies":[{"embeddable":true,"href":"https:\/\/www.gedichtladen.de\/blog\/wp-json\/wp\/v2\/comments?post=2667"}],"version-history":[{"count":2,"href":"https:\/\/www.gedichtladen.de\/blog\/wp-json\/wp\/v2\/posts\/2667\/revisions"}],"predecessor-version":[{"id":2669,"href":"https:\/\/www.gedichtladen.de\/blog\/wp-json\/wp\/v2\/posts\/2667\/revisions\/2669"}],"wp:attachment":[{"href":"https:\/\/www.gedichtladen.de\/blog\/wp-json\/wp\/v2\/media?parent=2667"}],"wp:term":[{"taxonomy":"category","embeddable":true,"href":"https:\/\/www.gedichtladen.de\/blog\/wp-json\/wp\/v2\/categories?post=2667"},{"taxonomy":"post_tag","embeddable":true,"href":"https:\/\/www.gedichtladen.de\/blog\/wp-json\/wp\/v2\/tags?post=2667"}],"curies":[{"name":"wp","href":"https:\/\/api.w.org\/{rel}","templated":true}]}}