{"id":2655,"date":"2017-05-21T11:45:58","date_gmt":"2017-05-21T09:45:58","guid":{"rendered":"http:\/\/www.gedichtladen.de\/blog\/?p=2655"},"modified":"2023-12-08T22:59:47","modified_gmt":"2023-12-08T20:59:47","slug":"kolumne-kw-20-2017-glockenklaenge","status":"publish","type":"post","link":"https:\/\/www.gedichtladen.de\/blog\/archive\/2655","title":{"rendered":"Kolumne KW 20 2017 &#8222;Glockenkl\u00e4nge&#8220;"},"content":{"rendered":"<p><strong>Glockenkl\u00e4nge<\/strong><\/p>\n<p>&nbsp;<\/p>\n<p>Man stelle sich eine Glocke vor, die ein Geb\u00e4ude zum Erdr\u00f6hnen bringt. Da wallen die T\u00f6ne f\u00f6rmlich durch die Mauern und den K\u00f6rper. Kann man so einen Klangeindruck erzeugen?<\/p>\n<p><!--more-->Man kann eine Schwingung in ihrer Frequenz etwas modulieren, dann erzeugt das auch schon einen Anklang an diesen Effekt. Dieses Verfahren wurde 1973 erstmals von John M. Chowning verwendet und von Yamaha aufgekauft. Diese Firma brachte dann 1983 einen Synthesizer heraus, der sehr erfolgreich war und dem ein glocken\u00e4hnlicher Klang zugeschrieben wurde.<\/p>\n<p>\nDas Verfahren der Frequenzmodulation beruht darauf, dass eine feste Tr\u00e4gerfrequenz mit einer anderen h\u00f6rbaren Frequenz moduliert wird, wodurch zus\u00e4tzliche Frequenzen entstehen, die sich in immer gleichen Abst\u00e4nden von der Tr\u00e4gerfrequenz befinden. Deren Amplituden k\u00f6nnen aber ganz unterschiedlich sein und folgen einer komplizierten Funktion. Manche Seitenb\u00e4nder k\u00f6nnen st\u00e4rker sein und andere schw\u00e4cher, und sie k\u00f6nnen ihre Gr\u00f6\u00dfe \u00e4ndern, wenn ein Parameter nur geringf\u00fcgig ver\u00e4ndert wird, sodass fast ein chaotischer Eindruck entsteht.<\/p>\n<p>\nWas passiert aber, wenn die Modulationsfrequenz den Frequenzhub \u00fcbersteigt? Dann kann man nur noch von einer Phasenmodulation sprechen, und meistens hat man nur das Spektrum und kann die Phasenlagen der einzelnen Anteile gar nicht bestimmen. In diesem Fall treten v\u00f6llig neue Effekte auf und es kann ein ganz anderer Ton erzeugt werden, der sich anh\u00f6rt wie das Dr\u00f6hnen einer Glocke, die immer dumpfer wird, je h\u00f6her die Modulationsfrequenz ist, ganz als w\u00fcrde man eine m\u00e4chtige Glocke durch eine ebenso m\u00e4chtige Festungsmauer h\u00f6ren.<\/p>\n<p>\nDa gibt es also noch etwas zu entdecken und es w\u00e4re sch\u00f6n, wenn es gel\u00e4nge, auch Jugendliche f\u00fcr dieses Thema zu begeistern. Wer sich das mal anh\u00f6ren m\u00f6chte, der schaue demn\u00e4chst im SFZ vorbei, zu finden im Nawicube der Gesamtschule \u201ePaula\u201c in Zeuthen und jeden Montagnachmittag ge\u00f6ffnet.<\/p>\n<p>\n<em>Christian Rempel in Zeuthen, den 20.5.2017<\/em><\/p>\n","protected":false},"excerpt":{"rendered":"<p>Glockenkl\u00e4nge &nbsp; Man stelle sich eine Glocke vor, die ein Geb\u00e4ude zum Erdr\u00f6hnen bringt. Da wallen die T\u00f6ne f\u00f6rmlich durch die Mauern und den K\u00f6rper. Kann man so einen Klangeindruck erzeugen?<\/p>\n","protected":false},"author":1,"featured_media":0,"comment_status":"open","ping_status":"open","sticky":false,"template":"","format":"standard","meta":{"footnotes":""},"categories":[12],"tags":[],"class_list":["post-2655","post","type-post","status-publish","format-standard","hentry","category-kolumne"],"_links":{"self":[{"href":"https:\/\/www.gedichtladen.de\/blog\/wp-json\/wp\/v2\/posts\/2655","targetHints":{"allow":["GET"]}}],"collection":[{"href":"https:\/\/www.gedichtladen.de\/blog\/wp-json\/wp\/v2\/posts"}],"about":[{"href":"https:\/\/www.gedichtladen.de\/blog\/wp-json\/wp\/v2\/types\/post"}],"author":[{"embeddable":true,"href":"https:\/\/www.gedichtladen.de\/blog\/wp-json\/wp\/v2\/users\/1"}],"replies":[{"embeddable":true,"href":"https:\/\/www.gedichtladen.de\/blog\/wp-json\/wp\/v2\/comments?post=2655"}],"version-history":[{"count":2,"href":"https:\/\/www.gedichtladen.de\/blog\/wp-json\/wp\/v2\/posts\/2655\/revisions"}],"predecessor-version":[{"id":2657,"href":"https:\/\/www.gedichtladen.de\/blog\/wp-json\/wp\/v2\/posts\/2655\/revisions\/2657"}],"wp:attachment":[{"href":"https:\/\/www.gedichtladen.de\/blog\/wp-json\/wp\/v2\/media?parent=2655"}],"wp:term":[{"taxonomy":"category","embeddable":true,"href":"https:\/\/www.gedichtladen.de\/blog\/wp-json\/wp\/v2\/categories?post=2655"},{"taxonomy":"post_tag","embeddable":true,"href":"https:\/\/www.gedichtladen.de\/blog\/wp-json\/wp\/v2\/tags?post=2655"}],"curies":[{"name":"wp","href":"https:\/\/api.w.org\/{rel}","templated":true}]}}