{"id":2651,"date":"2017-05-14T13:01:19","date_gmt":"2017-05-14T11:01:19","guid":{"rendered":"http:\/\/www.gedichtladen.de\/blog\/?p=2651"},"modified":"2023-12-08T22:59:47","modified_gmt":"2023-12-08T20:59:47","slug":"kolumne-kw-19-2017-akustische-taeuschungen","status":"publish","type":"post","link":"https:\/\/www.gedichtladen.de\/blog\/archive\/2651","title":{"rendered":"Kolumne KW 19 2017 &#8222;Akustische T\u00e4uschungen&#8220;"},"content":{"rendered":"<p><strong>Akustische T\u00e4uschungen<\/strong><\/p>\n<p>&nbsp;<\/p>\n<p>Von optischen T\u00e4uschungen hat man schon viel geh\u00f6rt, aber akustische gibt es auch. Wenn man zum Beispiel ein immer gleiches Tonintervall bestehend aus einem tiefen Ton gefolgt von einem h\u00f6heren abspielt, hat der H\u00f6rer den Eindruck, dass die T\u00f6ne immer weiter ansteigen, also immer h\u00f6her werden, obwohl es die gleichen sind.<\/p>\n<p><!--more-->Ein etwas komplizierteres Beispiel ist eine Schwebung. Werden n\u00e4mlich zwei benachbarte Frequenzen ausgesendet, dann ergibt sich ein Ton auf der Differenzfrequenz. Das ist dann allerdings keine T\u00e4uschung, sondern diese Differenzfrequenz ist wirklich vorhanden. Dazu m\u00fcssen aber beide Frequenzen gleichzeitig vorhanden sein und d\u00fcrfen nicht nacheinander ausgesendet werden.<\/p>\n<p>\nEine Aufgabe, der sich die Jugendforscher in Zeuthen nun widmen wollen, ist die, ob vielleicht der Eindruck einer Schwebung entsteht, wenn alternierend mal die eine Frequenz und mal die andere ausgesandt werden, ob das Ohr also so etwas wie ein Ged\u00e4chtnis hat.<\/p>\n<p>Zun\u00e4chst muss man dabei ausschlie\u00dfen, dass nicht schon der Sender, also der Lautsprecher eine solche Mischung schon f\u00fcr sich erzeugt und man nicht die Eigenschaften des menschlichen Ohres, sondern einer technischen Vorrichtung, wie es ein Lautsprecher darstellt, bestimmt.<\/p>\n<p>\nUm das auszuschlie\u00dfen, kommen besonders tr\u00e4gheitslose Lautspre\u00adcher in Frage. Es gibt seit einigen Jahren eine besonders eindrucksvolle Bastelei eines \u201esingenden Funkens\u201c, das sind sog. Plasma Speaker. Sie haben keine Membran als mechanisches Element, sondern nur die Luft selber wird zu Schwingungen angeregt, durch die eine Funkenentladung l\u00e4uft. Ein ziemlich gef\u00e4hrlich scheinendes Spielzeug mit 30 kV Hochspannung, das es aber inzwischen zur Quasikom\u00admerzialit\u00e4t gebracht hat. Man sieht da abenteuerliche Videos mit singenden Z\u00fcndspulen und Teslaspulen. Aufgrund der geringen Leistung stellen sie aber keine gr\u00f6\u00dfere Gefahr dar, als der Z\u00fcndfunke eines Autos, aber wer selber schon damit zu tun hatte, wei\u00df, dass das unangenehm sein kann. Vergleichbar ist das auch mit einem Weidezaun, der auch Entladungsstrecken von einem Zentimeter durchschlagen kann, aber gesundheitlich unbedenklich ist.<\/p>\n<p>\nUns interessiert vor allem der Vorteil, dass es bei diesen Hocht\u00f6nern kein Nachschwin\u00adgen gibt und man vielleicht doch dem menschlichen Ohr auf die Schliche kommt.<\/p>\n<p>\n<em>Christian Rempel in Zeuthen, den 13.5.2017<\/em><\/p>\n","protected":false},"excerpt":{"rendered":"<p>Akustische T\u00e4uschungen &nbsp; Von optischen T\u00e4uschungen hat man schon viel geh\u00f6rt, aber akustische gibt es auch. Wenn man zum Beispiel ein immer gleiches Tonintervall bestehend aus einem tiefen Ton gefolgt von einem h\u00f6heren abspielt, hat der H\u00f6rer den Eindruck, dass&#8230;<br \/><a class=\"read-more-button\" href=\"https:\/\/www.gedichtladen.de\/blog\/archive\/2651\">Mehr Lesen<\/a><\/p>\n","protected":false},"author":1,"featured_media":0,"comment_status":"open","ping_status":"open","sticky":false,"template":"","format":"standard","meta":{"footnotes":""},"categories":[12],"tags":[],"class_list":["post-2651","post","type-post","status-publish","format-standard","hentry","category-kolumne"],"_links":{"self":[{"href":"https:\/\/www.gedichtladen.de\/blog\/wp-json\/wp\/v2\/posts\/2651","targetHints":{"allow":["GET"]}}],"collection":[{"href":"https:\/\/www.gedichtladen.de\/blog\/wp-json\/wp\/v2\/posts"}],"about":[{"href":"https:\/\/www.gedichtladen.de\/blog\/wp-json\/wp\/v2\/types\/post"}],"author":[{"embeddable":true,"href":"https:\/\/www.gedichtladen.de\/blog\/wp-json\/wp\/v2\/users\/1"}],"replies":[{"embeddable":true,"href":"https:\/\/www.gedichtladen.de\/blog\/wp-json\/wp\/v2\/comments?post=2651"}],"version-history":[{"count":2,"href":"https:\/\/www.gedichtladen.de\/blog\/wp-json\/wp\/v2\/posts\/2651\/revisions"}],"predecessor-version":[{"id":2653,"href":"https:\/\/www.gedichtladen.de\/blog\/wp-json\/wp\/v2\/posts\/2651\/revisions\/2653"}],"wp:attachment":[{"href":"https:\/\/www.gedichtladen.de\/blog\/wp-json\/wp\/v2\/media?parent=2651"}],"wp:term":[{"taxonomy":"category","embeddable":true,"href":"https:\/\/www.gedichtladen.de\/blog\/wp-json\/wp\/v2\/categories?post=2651"},{"taxonomy":"post_tag","embeddable":true,"href":"https:\/\/www.gedichtladen.de\/blog\/wp-json\/wp\/v2\/tags?post=2651"}],"curies":[{"name":"wp","href":"https:\/\/api.w.org\/{rel}","templated":true}]}}