{"id":2629,"date":"2017-01-28T20:59:04","date_gmt":"2017-01-28T18:59:04","guid":{"rendered":"http:\/\/www.gedichtladen.de\/blog\/?p=2629"},"modified":"2023-12-08T22:59:47","modified_gmt":"2023-12-08T20:59:47","slug":"fuer-dani","status":"publish","type":"post","link":"https:\/\/www.gedichtladen.de\/blog\/archive\/2629","title":{"rendered":"F\u00fcr Dani"},"content":{"rendered":"<p><strong>F\u00fcr Dani<\/strong><\/p>\n<p>Heut ist Dein Geburtstag<br \/>\nAlle feiern mit<br \/>\nUnd wir gratulieren<br \/>\nWie es bei uns Sitt\u2018<\/p>\n<p>Wieder ein Jahr \u00e4lter<br \/>\nDir macht das nichts aus<br \/>\nVerbreitest Du doch Freude<br \/>\nIn dem ganzen Haus<\/p>\n<p>Bin ich jetzt auch ferne<br \/>\nBis Zeuthen ist es weit<br \/>\nBald kommt wieder W\u00e4rme<br \/>\nUnd eine gute Zeit<\/p>\n<p>Gesund sollst Du uns bleiben<br \/>\nUnd immer guter Dinge<br \/>\nUnd was Du nimmst Dir vor<br \/>\nIm Handumdrehn gelinge<\/p>\n<p>Viel Freude mit dem Blument\u00f6pfchen<br \/>\nDas soll ein St\u00fcck Dich nun begleiten<br \/>\nWenn Du es gie\u00dft und k\u00fchle h\u00e4ltst<br \/>\nKann manche Freude es bereiten<br \/>\n<em><br \/>\nC.R. zum 28.1.2017<\/em><\/p>\n","protected":false},"excerpt":{"rendered":"<p>F\u00fcr Dani Heut ist Dein Geburtstag Alle feiern mit Und wir gratulieren Wie es bei uns Sitt\u2018 Wieder ein Jahr \u00e4lter Dir macht das nichts aus Verbreitest Du doch Freude In dem ganzen Haus Bin ich jetzt auch ferne Bis&#8230;<br \/><a class=\"read-more-button\" href=\"https:\/\/www.gedichtladen.de\/blog\/archive\/2629\">Mehr Lesen<\/a><\/p>\n","protected":false},"author":1,"featured_media":0,"comment_status":"open","ping_status":"open","sticky":false,"template":"","format":"standard","meta":{"footnotes":""},"categories":[15],"tags":[],"class_list":["post-2629","post","type-post","status-publish","format-standard","hentry","category-geburtstage"],"_links":{"self":[{"href":"https:\/\/www.gedichtladen.de\/blog\/wp-json\/wp\/v2\/posts\/2629","targetHints":{"allow":["GET"]}}],"collection":[{"href":"https:\/\/www.gedichtladen.de\/blog\/wp-json\/wp\/v2\/posts"}],"about":[{"href":"https:\/\/www.gedichtladen.de\/blog\/wp-json\/wp\/v2\/types\/post"}],"author":[{"embeddable":true,"href":"https:\/\/www.gedichtladen.de\/blog\/wp-json\/wp\/v2\/users\/1"}],"replies":[{"embeddable":true,"href":"https:\/\/www.gedichtladen.de\/blog\/wp-json\/wp\/v2\/comments?post=2629"}],"version-history":[{"count":1,"href":"https:\/\/www.gedichtladen.de\/blog\/wp-json\/wp\/v2\/posts\/2629\/revisions"}],"predecessor-version":[{"id":2630,"href":"https:\/\/www.gedichtladen.de\/blog\/wp-json\/wp\/v2\/posts\/2629\/revisions\/2630"}],"wp:attachment":[{"href":"https:\/\/www.gedichtladen.de\/blog\/wp-json\/wp\/v2\/media?parent=2629"}],"wp:term":[{"taxonomy":"category","embeddable":true,"href":"https:\/\/www.gedichtladen.de\/blog\/wp-json\/wp\/v2\/categories?post=2629"},{"taxonomy":"post_tag","embeddable":true,"href":"https:\/\/www.gedichtladen.de\/blog\/wp-json\/wp\/v2\/tags?post=2629"}],"curies":[{"name":"wp","href":"https:\/\/api.w.org\/{rel}","templated":true}]}}