{"id":2627,"date":"2017-02-07T20:58:05","date_gmt":"2017-02-07T18:58:05","guid":{"rendered":"http:\/\/www.gedichtladen.de\/blog\/?p=2627"},"modified":"2023-12-08T22:59:47","modified_gmt":"2023-12-08T20:59:47","slug":"fuer-uli","status":"publish","type":"post","link":"https:\/\/www.gedichtladen.de\/blog\/archive\/2627","title":{"rendered":"F\u00fcr Uli"},"content":{"rendered":"<p>F\u00fcr Uli<\/p>\n<p>Der Himmel zeigt sich heute tr\u00fcb<br \/>\nwas will vom Februar man erwarten<br \/>\nGeburtstag hat die Schwester lieb<br \/>\nmacht Pause von Motorradfahrten<\/p>\n<p>Ein Auto f\u00fcr den Hausgebrauch<br \/>\nund Dieter da f\u00fcr alle F\u00e4lle<br \/>\ndiese beiden hast Du auch<br \/>\nund sehr liebst Du die Ostseewelle<\/p>\n<p>Das alles scheint nicht viel zu sein<br \/>\nbesieht man es beim lichten Schein<br \/>\nden heut Dein Lebenslicht entwarf<\/p>\n<p>Und dies, ein kleines Wortgebilde<br \/>\nf\u00fchrt uns hinfort in die Gefilde<br \/>\nwie sehr man Deiner doch bedarf<\/p>\n<p>Mit Bier und Wein trinkt euch nun zu<br \/>\naus einem Anlass, der bist Du<br \/>\nein Prost aufs Wohlsein ausgebracht<br \/>\nman feiert Dich die ganze Nacht<\/p>\n<p>Und ist die Feier dann zu Ende<br \/>\nman sich auch weiter wohl bef\u00e4nde<br \/>\nDann sagt man: es war gut gemacht<\/p>\n<p>Die Jahre ach, die woll\u2018n uns dr\u00fccken<br \/>\ndoch dann zu aller gro\u00df Entz\u00fccken<br \/>\nvergehen sie dann doch gelinde<br \/>\ngemacht, dass man sich selber finde<\/p>\n<p><em>C.R.  zum 7.2.2017<\/em><\/p>\n","protected":false},"excerpt":{"rendered":"<p>F\u00fcr Uli Der Himmel zeigt sich heute tr\u00fcb was will vom Februar man erwarten Geburtstag hat die Schwester lieb macht Pause von Motorradfahrten Ein Auto f\u00fcr den Hausgebrauch und Dieter da f\u00fcr alle F\u00e4lle diese beiden hast Du auch und&#8230;<br \/><a class=\"read-more-button\" href=\"https:\/\/www.gedichtladen.de\/blog\/archive\/2627\">Mehr Lesen<\/a><\/p>\n","protected":false},"author":1,"featured_media":0,"comment_status":"open","ping_status":"open","sticky":false,"template":"","format":"standard","meta":{"footnotes":""},"categories":[15],"tags":[],"class_list":["post-2627","post","type-post","status-publish","format-standard","hentry","category-geburtstage"],"_links":{"self":[{"href":"https:\/\/www.gedichtladen.de\/blog\/wp-json\/wp\/v2\/posts\/2627","targetHints":{"allow":["GET"]}}],"collection":[{"href":"https:\/\/www.gedichtladen.de\/blog\/wp-json\/wp\/v2\/posts"}],"about":[{"href":"https:\/\/www.gedichtladen.de\/blog\/wp-json\/wp\/v2\/types\/post"}],"author":[{"embeddable":true,"href":"https:\/\/www.gedichtladen.de\/blog\/wp-json\/wp\/v2\/users\/1"}],"replies":[{"embeddable":true,"href":"https:\/\/www.gedichtladen.de\/blog\/wp-json\/wp\/v2\/comments?post=2627"}],"version-history":[{"count":1,"href":"https:\/\/www.gedichtladen.de\/blog\/wp-json\/wp\/v2\/posts\/2627\/revisions"}],"predecessor-version":[{"id":2628,"href":"https:\/\/www.gedichtladen.de\/blog\/wp-json\/wp\/v2\/posts\/2627\/revisions\/2628"}],"wp:attachment":[{"href":"https:\/\/www.gedichtladen.de\/blog\/wp-json\/wp\/v2\/media?parent=2627"}],"wp:term":[{"taxonomy":"category","embeddable":true,"href":"https:\/\/www.gedichtladen.de\/blog\/wp-json\/wp\/v2\/categories?post=2627"},{"taxonomy":"post_tag","embeddable":true,"href":"https:\/\/www.gedichtladen.de\/blog\/wp-json\/wp\/v2\/tags?post=2627"}],"curies":[{"name":"wp","href":"https:\/\/api.w.org\/{rel}","templated":true}]}}