{"id":2619,"date":"2017-04-23T12:59:57","date_gmt":"2017-04-23T10:59:57","guid":{"rendered":"http:\/\/www.gedichtladen.de\/blog\/?p=2619"},"modified":"2023-12-08T22:59:47","modified_gmt":"2023-12-08T20:59:47","slug":"kolumne-kw-16-2017-wenn-einer-90-wird","status":"publish","type":"post","link":"https:\/\/www.gedichtladen.de\/blog\/archive\/2619","title":{"rendered":"Kolumne KW 16 2017 &#8222;Wenn einer 90 wird&#8220;"},"content":{"rendered":"<p><strong>Wenn einer 90 wird<\/strong><\/p>\n<p>&nbsp;<\/p>\n<p>Mein Vater hat das 90. Lebensjahr vollendet und da wurde im Teikyo Hotel am Zeuthener See gefeiert. Es sollte am Wasser sein, dass man anschlie\u00dfend noch in See stechen konnte. Die Runde war dann auch sehr eindrucksvoll. In drei Stunden schafft es ein Dampfer, es war die Victoria, die Runde vom Zeuthener See \u00fcber Klein Venedig, den M\u00fcggelsee und K\u00f6penick, vorbei an der Regattastrecke in Gr\u00fcnau wieder nach Schm\u00f6ckwitz.<\/p>\n<p><!--more-->Das Essen war ja langwierig und so war Zeit f\u00fcr einige Kulturbeitr\u00e4ge. Da mir selbst etwas flau war und ich mich auch nicht so in den Vordergrund spielen wollte, bat ich Julius, das vorbereitete Gedicht vorzutra\u00adgen. Es ist ja immer sch\u00f6n, die selbstausgedachten Worte dann aus dem Munde eines anderen zu h\u00f6ren. Da sieht man dann, was von dem zu Lesenden und Vorzutragenden dann wirklich ankommt. Auch bei dem Lied auf die Melodie von Lauf J\u00e4ger Lauf, auf die ich einen Text mit Auf Opa Auf gemacht hatte, ging gut \u00fcber die B\u00fchne, mit der Unterst\u00fctzung von Jane und Mio, wobei Jane sogar eine perfekte zweite Stimme beisteuerte. Der dritte H\u00f6hepunkt war eine sehr sch\u00f6ne freie Rede von Prof. Schade, eines Sch\u00fctzlings unseres Vaters, Opas und Uropas.<\/p>\n<p>\nDann zog sich der Fototermin ein bisschen hin, weil die Damen mit dem Kuchenbuffet auf dem Dampfer besch\u00e4ftigt waren und sich nicht davon l\u00f6sen konnten, aber letztendlich gelang auch dieser. Als der Dampfer ablegen wollte, musste ich feststellen, dass Opas Lieblingstorte, die mit gekochten Erdbeeren und nichts weiter als Schlagsahne, noch nicht an Bord gebracht war und wir mussten noch einen Eilmarsch zur K\u00fchlung einlegen. Da waren dann also alle auf dem Dampfer, au\u00dfer Julius und Sanni, weil Julius nicht so f\u00fcr Wasserfahrzeuge ist.<\/p>\n<p>\nAm Abend gab es dann noch mal ein Treffen bei meiner j\u00fcngsten Schwester Uli und ihrem Dieter. Da konnte dann bei gutem Essen und anregenden Gespr\u00e4chen noch mal das Rempelonium zum Einsatz kommen, das frisch erfunden seit Ostern einigerma\u00dfen einsatzbereit ist.<\/p>\n<p>\nEs fehlte eigentlich nur Jenny mit Familie, weil ihr Ehemann erkrankt war. Da konnten sie die Reise von Halle nicht antreten, aber bei den Geschenken, wo die Highlights Achims Fotobuch und unser Gemeinschaftsprojekt, nach einer Idee von Jane und in technischer Ausf\u00fchrung durch Jakob, das H\u00f6rbuch \u00fcber die Schildb\u00fcrger waren.<\/p>\n<p>\nEs ist schon etwas Tolles, dieses hohe Alter in dieser guten Verfassung wie unser Vater zu erreichen und die Familie ist auch sein Lebensinhalt, an der er so regen Anteil nimmt, dass es ihm heute gar nicht so schwer fiel, als die Kapitel der Schildb\u00fcrger angespielt wurden, fast alle Stimmen zu erraten.<\/p>\n<p>\n<em>Christian Rempel in Zeuthen, den 23.4.2017<\/em><\/p>\n","protected":false},"excerpt":{"rendered":"<p>Wenn einer 90 wird &nbsp; Mein Vater hat das 90. Lebensjahr vollendet und da wurde im Teikyo Hotel am Zeuthener See gefeiert. Es sollte am Wasser sein, dass man anschlie\u00dfend noch in See stechen konnte. Die Runde war dann auch&#8230;<br \/><a class=\"read-more-button\" href=\"https:\/\/www.gedichtladen.de\/blog\/archive\/2619\">Mehr Lesen<\/a><\/p>\n","protected":false},"author":1,"featured_media":0,"comment_status":"open","ping_status":"open","sticky":false,"template":"","format":"standard","meta":{"footnotes":""},"categories":[12],"tags":[],"class_list":["post-2619","post","type-post","status-publish","format-standard","hentry","category-kolumne"],"_links":{"self":[{"href":"https:\/\/www.gedichtladen.de\/blog\/wp-json\/wp\/v2\/posts\/2619","targetHints":{"allow":["GET"]}}],"collection":[{"href":"https:\/\/www.gedichtladen.de\/blog\/wp-json\/wp\/v2\/posts"}],"about":[{"href":"https:\/\/www.gedichtladen.de\/blog\/wp-json\/wp\/v2\/types\/post"}],"author":[{"embeddable":true,"href":"https:\/\/www.gedichtladen.de\/blog\/wp-json\/wp\/v2\/users\/1"}],"replies":[{"embeddable":true,"href":"https:\/\/www.gedichtladen.de\/blog\/wp-json\/wp\/v2\/comments?post=2619"}],"version-history":[{"count":2,"href":"https:\/\/www.gedichtladen.de\/blog\/wp-json\/wp\/v2\/posts\/2619\/revisions"}],"predecessor-version":[{"id":2621,"href":"https:\/\/www.gedichtladen.de\/blog\/wp-json\/wp\/v2\/posts\/2619\/revisions\/2621"}],"wp:attachment":[{"href":"https:\/\/www.gedichtladen.de\/blog\/wp-json\/wp\/v2\/media?parent=2619"}],"wp:term":[{"taxonomy":"category","embeddable":true,"href":"https:\/\/www.gedichtladen.de\/blog\/wp-json\/wp\/v2\/categories?post=2619"},{"taxonomy":"post_tag","embeddable":true,"href":"https:\/\/www.gedichtladen.de\/blog\/wp-json\/wp\/v2\/tags?post=2619"}],"curies":[{"name":"wp","href":"https:\/\/api.w.org\/{rel}","templated":true}]}}