{"id":2602,"date":"2017-04-09T21:32:24","date_gmt":"2017-04-09T19:32:24","guid":{"rendered":"http:\/\/www.gedichtladen.de\/blog\/?p=2602"},"modified":"2023-12-08T22:59:47","modified_gmt":"2023-12-08T20:59:47","slug":"kolumne-kw-14-2017-vergeblichkeiten","status":"publish","type":"post","link":"https:\/\/www.gedichtladen.de\/blog\/archive\/2602","title":{"rendered":"Kolumne KW 14 2017 &#8222;Vergeblichkeiten&#8220;"},"content":{"rendered":"<p><strong>Vergeblichkeiten<\/strong><\/p>\n<p>&nbsp;<\/p>\n<p>Der Landeswettbewerb in Jugend forscht fiel etwas gegen\u00fcber den Vorjahren zur\u00fcck. Man sah kaum eine technische L\u00f6sung, und die, die wir anboten, fanden keine ausreichende Beachtung. In der Technik reichte die Kopf- und Fu\u00dfmaus zu einem dritten Platz und der Weinsensor, den Herr Sawal betreut hatte, qualifizierte sich zum Bundeswettbewerb in der Richtung \u201eInterdisziplin\u00e4r\u201c.<\/p>\n<p><!--more-->Jetzt beginnt schon wieder die Suche nach neuen Projekten, und da kam ich wieder mal auf die Excelphysik zur\u00fcck. Man kann da L\u00f6sungen errechnen, wenn man nur ganz einfache Vorstellungen eingehen l\u00e4sst. Man findet ja heute oft Darstellungen, bei denen die Grundgedanken untergehen. So kann man in der Atmosph\u00e4re ein Volumenelement betrachten, sagen wir, einen W\u00fcrfel, der schweben soll, also im Grunde unbeweglich sein. Auf dessen untere Fl\u00e4che wirkt ja, neben dem Luftdruck von unten, von oben noch die Gewichtskraft der vom W\u00fcrfel eingeschlossenen Luft. Schon aus dieser einfachen Tatsache kann man schlie\u00dfen, dass der Luftdruck nach oben abnehmen muss. Das ist noch nichts Besonderes und ist zum Beispiel auch unter Wasser so, aber bei Luft gibt es den zus\u00e4tzlichen Effekt, dass sie ein immer gr\u00f6\u00dferes Volumen einnimmt, wenn der Druck sinkt. Deshalb verh\u00e4lt sich die Atmosph\u00e4re nicht wie ein Ozean, der eine klare Oberfl\u00e4che hat, sondern weil das Volumen im gleichen Ma\u00dfe zunimmt, wie der Druck abnimmt, dehnt sich die Atmosph\u00e4re viel weiter als nur 8\u00a0km aus, was der rechnerische Wert w\u00e4re, wenn das Ozeanmodell zutreffen w\u00fcrde und der Mount Everest Gipfel schon im Vakuum st\u00fcnde.<\/p>\n<p>\nSolche einfachen \u00dcberlegungen kann man in ein Excel Modell einflie\u00dfen lassen. Da kommt, trotz ziemlich l\u00e4nglicher Tabellen, also die Physik wieder richtig zum Vorschein, was meint, die einfachsten \u00dcberlegungen. Wenn es gelingen sollte, die Sch\u00fcler, die es gewohnt sind, mit Computerprogrammen umzugehen, daf\u00fcr zu begeistern, findet das Problem vielleicht auch noch eine L\u00f6sung, wenn man das Temperaturprofil ber\u00fccksichtigt und dass die Gravitation in gr\u00f6\u00dferen H\u00f6hen nachl\u00e4sst.<\/p>\n<p>\n<em>Christian Rempel in Zeuthen, den 9.4.2017<\/em><\/p>\n","protected":false},"excerpt":{"rendered":"<p>Vergeblichkeiten &nbsp; Der Landeswettbewerb in Jugend forscht fiel etwas gegen\u00fcber den Vorjahren zur\u00fcck. Man sah kaum eine technische L\u00f6sung, und die, die wir anboten, fanden keine ausreichende Beachtung. In der Technik reichte die Kopf- und Fu\u00dfmaus zu einem dritten Platz&#8230;<br \/><a class=\"read-more-button\" href=\"https:\/\/www.gedichtladen.de\/blog\/archive\/2602\">Mehr Lesen<\/a><\/p>\n","protected":false},"author":1,"featured_media":0,"comment_status":"open","ping_status":"open","sticky":false,"template":"","format":"standard","meta":{"footnotes":""},"categories":[12],"tags":[],"class_list":["post-2602","post","type-post","status-publish","format-standard","hentry","category-kolumne"],"_links":{"self":[{"href":"https:\/\/www.gedichtladen.de\/blog\/wp-json\/wp\/v2\/posts\/2602","targetHints":{"allow":["GET"]}}],"collection":[{"href":"https:\/\/www.gedichtladen.de\/blog\/wp-json\/wp\/v2\/posts"}],"about":[{"href":"https:\/\/www.gedichtladen.de\/blog\/wp-json\/wp\/v2\/types\/post"}],"author":[{"embeddable":true,"href":"https:\/\/www.gedichtladen.de\/blog\/wp-json\/wp\/v2\/users\/1"}],"replies":[{"embeddable":true,"href":"https:\/\/www.gedichtladen.de\/blog\/wp-json\/wp\/v2\/comments?post=2602"}],"version-history":[{"count":2,"href":"https:\/\/www.gedichtladen.de\/blog\/wp-json\/wp\/v2\/posts\/2602\/revisions"}],"predecessor-version":[{"id":2604,"href":"https:\/\/www.gedichtladen.de\/blog\/wp-json\/wp\/v2\/posts\/2602\/revisions\/2604"}],"wp:attachment":[{"href":"https:\/\/www.gedichtladen.de\/blog\/wp-json\/wp\/v2\/media?parent=2602"}],"wp:term":[{"taxonomy":"category","embeddable":true,"href":"https:\/\/www.gedichtladen.de\/blog\/wp-json\/wp\/v2\/categories?post=2602"},{"taxonomy":"post_tag","embeddable":true,"href":"https:\/\/www.gedichtladen.de\/blog\/wp-json\/wp\/v2\/tags?post=2602"}],"curies":[{"name":"wp","href":"https:\/\/api.w.org\/{rel}","templated":true}]}}