{"id":2593,"date":"2017-04-01T18:14:49","date_gmt":"2017-04-01T16:14:49","guid":{"rendered":"http:\/\/www.gedichtladen.de\/blog\/?p=2593"},"modified":"2023-12-08T22:59:47","modified_gmt":"2023-12-08T20:59:47","slug":"kolumne-kw-13-2017-erinnerungskultur","status":"publish","type":"post","link":"https:\/\/www.gedichtladen.de\/blog\/archive\/2593","title":{"rendered":"Kolumne KW 13 2017 &#8222;Erinnerungskultur&#8220;"},"content":{"rendered":"<p><strong>Erinnerungskultur<\/strong><\/p>\n<p>&nbsp;<\/p>\n<p>Letztens klingelte es und wir dachten schon, es sei die Post, die ja fast t\u00e4glich ein P\u00e4ckchen bringt, aber diesmal war es eine sehr, sehr h\u00fcbsche Blondine in passendem Alter, die sagte, sie h\u00e4tte davon geh\u00f6rt, dass mein Vater und ich in einer M\u00e4nner WG leben w\u00fcrden, da w\u00e4re doch vielleicht noch ein Pl\u00e4tzchen f\u00fcr ein bisschen Weiblichkeit.<\/p>\n<p><!--more-->Ich war gerade am Fischbraten, und weil ich meistens am Freitag, weil da Waschtag ist, ein neues Hemd anziehe, das dann immer am gleichen Tag mit Fettsprenkeln versehen ist, hatte ich heute zum ersten Mal eine Sch\u00fcrze um, die sich noch auf der Bodentreppe fand und aussah, als w\u00e4re sie mindestens ein Jahr nicht gewaschen. Das war nun feminin genug, um einzuwenden, dass wir der Weiblichkeit zum Kochen eigentlich nicht bed\u00fcrfen, weil das ja keine Wissenschaft sei und wir das ganz gut selber hinkriegen. Sauber machen wir freilich nicht selber, aber auch da ist der Bedarf gedeckt.<\/p>\n<p>\nDas alles seien gar nicht ihre St\u00e4rken, sagte da die Blondine, und meiner bem\u00e4chtigte sich sofort eine Vorstellung von ihren F\u00e4higkeiten, die sich jeder auch gleich denken kann. Es muss ein wenig aus meinen, nun auch schon ein bisschen betagten Augen geblitzt haben, denn sie erriet alles sofort und sagte: \u201eNein, darum geht es mir nicht, aber ich habe Charakter.\u201c<\/p>\n<p>\nDas weckte meine Neugier, denn au\u00dfer einem tollen Anblick und eben dem besonders Sch\u00f6nen, ist das ja nun eine Sache, die man ehrlich an jedem Menschen sucht und nicht zuletzt an sich selber, aber in den seltensten F\u00e4llen findet. Fast musste ich die Augen schlie\u00dfen, um mich recht an einen weiblichen Charakter erinnern zu k\u00f6nnen und nicht ganz von ihrer Erscheinung eingenommen zu sein. Was fiel mir da bei? Unverst\u00e4ndnis f\u00fcr technische Dinge, Launen und ein bisschen Streitsucht, Geschw\u00e4tzigkeit \u2026<\/p>\n<p>\n\u201eSchreiben Sie mir, wenn Sie mich schon nicht aufnehmen wollen, und Sie werden es erfahren\u201c, sagte sie und ging ihrer Wege.<\/p>\n<p>\nIch also, heftig entflammt, schrieb ihr, dass sie mich sehr verdutzt hat, dass sie anbetungsw\u00fcrdig aussieht und dass ich mich auf den ersten Blick in sie verliebt habe. Auf jede dieser \u00c4u\u00dferungen, die ich auf das Blumigste verpackt hatte, erhielt ich tats\u00e4chlich immer eine Antwort, die da lautete: \u201eHeute habe ich in meinem G\u00e4rtchen eine Hortensie gepflanzt\u201c, \u201eAuf Arbeit gewesen\u201c\u201eVorhin habe ich mein Auto ges\u00e4ubert\u201c, \u201eIch bin so m\u00fcde, ich antworte morgen ausf\u00fchrlich\u201c, was dann auch tats\u00e4chlich der Fall war, aber von der gleichen Art.<\/p>\n<p>\nW\u00e4hrend ich meine Entflam\u00admung auf das Zergliedertste in die Tasten getippt hatte, erfuhr ich nie, ob ich eine besondere Rolle in ihrem Leben spielte oder ob noch Dutzende dieser ihrer Allerweltsnachrichten teilhaftig wurden.<\/p>\n<p>\nDa ging ich auf\u2019s Ganze und schrieb ihr: \u201eSie sind mir das Wichtigste auf der Welt, ich liebe Sie!\u201c<\/p>\n<p>\nNach nicht mal f\u00fcnf Minuten hatte ich die Antwort: \u201eSie verga\u00dfen leider zwei W\u00f6rtchen: April, April \u2026\u201c<\/p>\n<p>\n<em>Christian Rempel in Zeuthen, den 1.4.2017<\/em><\/p>\n","protected":false},"excerpt":{"rendered":"<p>Erinnerungskultur &nbsp; Letztens klingelte es und wir dachten schon, es sei die Post, die ja fast t\u00e4glich ein P\u00e4ckchen bringt, aber diesmal war es eine sehr, sehr h\u00fcbsche Blondine in passendem Alter, die sagte, sie h\u00e4tte davon geh\u00f6rt, dass mein&#8230;<br \/><a class=\"read-more-button\" href=\"https:\/\/www.gedichtladen.de\/blog\/archive\/2593\">Mehr Lesen<\/a><\/p>\n","protected":false},"author":1,"featured_media":0,"comment_status":"open","ping_status":"open","sticky":false,"template":"","format":"standard","meta":{"footnotes":""},"categories":[12],"tags":[],"class_list":["post-2593","post","type-post","status-publish","format-standard","hentry","category-kolumne"],"_links":{"self":[{"href":"https:\/\/www.gedichtladen.de\/blog\/wp-json\/wp\/v2\/posts\/2593","targetHints":{"allow":["GET"]}}],"collection":[{"href":"https:\/\/www.gedichtladen.de\/blog\/wp-json\/wp\/v2\/posts"}],"about":[{"href":"https:\/\/www.gedichtladen.de\/blog\/wp-json\/wp\/v2\/types\/post"}],"author":[{"embeddable":true,"href":"https:\/\/www.gedichtladen.de\/blog\/wp-json\/wp\/v2\/users\/1"}],"replies":[{"embeddable":true,"href":"https:\/\/www.gedichtladen.de\/blog\/wp-json\/wp\/v2\/comments?post=2593"}],"version-history":[{"count":2,"href":"https:\/\/www.gedichtladen.de\/blog\/wp-json\/wp\/v2\/posts\/2593\/revisions"}],"predecessor-version":[{"id":2595,"href":"https:\/\/www.gedichtladen.de\/blog\/wp-json\/wp\/v2\/posts\/2593\/revisions\/2595"}],"wp:attachment":[{"href":"https:\/\/www.gedichtladen.de\/blog\/wp-json\/wp\/v2\/media?parent=2593"}],"wp:term":[{"taxonomy":"category","embeddable":true,"href":"https:\/\/www.gedichtladen.de\/blog\/wp-json\/wp\/v2\/categories?post=2593"},{"taxonomy":"post_tag","embeddable":true,"href":"https:\/\/www.gedichtladen.de\/blog\/wp-json\/wp\/v2\/tags?post=2593"}],"curies":[{"name":"wp","href":"https:\/\/api.w.org\/{rel}","templated":true}]}}