{"id":2589,"date":"2017-03-26T13:40:24","date_gmt":"2017-03-26T11:40:24","guid":{"rendered":"http:\/\/www.gedichtladen.de\/blog\/?p=2589"},"modified":"2023-12-08T22:59:47","modified_gmt":"2023-12-08T20:59:47","slug":"kolumne-kw-12-2017-im-maerzen","status":"publish","type":"post","link":"https:\/\/www.gedichtladen.de\/blog\/archive\/2589","title":{"rendered":"Kolumne KW 12 2017 &#8222;Im M\u00e4rzen&#8220;"},"content":{"rendered":"<p><strong>Im M\u00e4rzen<\/strong><\/p>\n<p>&nbsp;<\/p>\n<p>Bei uns gegen\u00fcber weiden die R\u00f6sslein, aber sie werden mitnichten im M\u00e4rz eingespannt, obwohl die Weide zu eggen war. Das erledigt man lieber mit einem Traktor, und die Pferdchen m\u00fcssen das Gr\u00fcn nun erst mal ein bisschen sprie\u00dfen lassen, bevor es dann ans erneute Abweiden geht.<\/p>\n<p><!--more-->Da hat der Kreislauf der Natur also mal wieder eine Runde gezogen und alles ist wieder ganz Beginnen, um dann der Reife zuzuwachsen und dann wieder einem Herbst und schlie\u00dflich Winter zu weichen.<\/p>\n<p>\nAllerorten begr\u00fc\u00dfen die Menschen den Fr\u00fchling mit Bepflanzungen und Aktivit\u00e4ten in Wald und Flur. Auf Ostern m\u00fcssen wir noch drei Wochen warten, aber auch diese Utensilien haben schon Hochkonjunktur.<\/p>\n<p>\nVor vier Jahren bin ich praktisch vom Osterfeuer aus in die weite Welt Brandenburgs aufgebro\u00adchen, eine Wanderung, die mich bis nach Guben f\u00fchrte. Das h\u00f6rt sich alles heute nicht mehr so spektakul\u00e4r an, wo man doch richtige Rekorde gew\u00f6hnt ist, aber es hat schon etwas, eine einigerma\u00dfen gro\u00dfe Entfernung zu Fu\u00df zur\u00fcckzulegen. Die erste Etappe hatte mich bis Bestensee gef\u00fchrt, wohin ich in der Zwischenzeit schon des \u00d6fteren mit dem Fahrrad gefahren bin, allerdings immer, ohne meine Angebetete anzutreffen, die ich auf meiner damaligen Wanderung noch gesehen hatte.<\/p>\n<p>\nIch wei\u00df nicht, ob sich dieser Fr\u00fchling von den anderen in irgendeiner Weise unterscheiden wird, aber was als Kreislauf erscheint, k\u00f6nnte ja doch eine Richtung haben, eine innere Tension, die dann doch unwiederholbar sein k\u00f6nnte. Ich m\u00f6chte dabei gar keine gro\u00dfe Rolle spielen und lasse es auf mich zukommen, wie es mir \u00fcberhaupt am liebsten w\u00e4re, wenn man mich g\u00e4nzlich \u00fcbersehen w\u00fcrde, wie es mir schon immer mit den Kellnern geht, die, sosehr ich mich auch bem\u00fche und versuche mich bemerkbar zu machen, doch keine Notiz von mir nehmen.<\/p>\n<p>\nIch w\u00fcnsche Ihnen, dass Sie zu den bemerkenswerten Menschen z\u00e4hlen und Freude daran haben, wahrgenommen zu werden. Wenn Sie wollen, dann schreiben Sie hier einen Kommentar, der garantiert nicht unbeantwortet bleibt.<\/p>\n<p>\n<em>Christian Rempel in Zeuthen, den 25.3.2017<\/em><\/p>\n","protected":false},"excerpt":{"rendered":"<p>Im M\u00e4rzen &nbsp; Bei uns gegen\u00fcber weiden die R\u00f6sslein, aber sie werden mitnichten im M\u00e4rz eingespannt, obwohl die Weide zu eggen war. Das erledigt man lieber mit einem Traktor, und die Pferdchen m\u00fcssen das Gr\u00fcn nun erst mal ein bisschen&#8230;<br \/><a class=\"read-more-button\" href=\"https:\/\/www.gedichtladen.de\/blog\/archive\/2589\">Mehr Lesen<\/a><\/p>\n","protected":false},"author":1,"featured_media":0,"comment_status":"open","ping_status":"open","sticky":false,"template":"","format":"standard","meta":{"footnotes":""},"categories":[12],"tags":[],"class_list":["post-2589","post","type-post","status-publish","format-standard","hentry","category-kolumne"],"_links":{"self":[{"href":"https:\/\/www.gedichtladen.de\/blog\/wp-json\/wp\/v2\/posts\/2589","targetHints":{"allow":["GET"]}}],"collection":[{"href":"https:\/\/www.gedichtladen.de\/blog\/wp-json\/wp\/v2\/posts"}],"about":[{"href":"https:\/\/www.gedichtladen.de\/blog\/wp-json\/wp\/v2\/types\/post"}],"author":[{"embeddable":true,"href":"https:\/\/www.gedichtladen.de\/blog\/wp-json\/wp\/v2\/users\/1"}],"replies":[{"embeddable":true,"href":"https:\/\/www.gedichtladen.de\/blog\/wp-json\/wp\/v2\/comments?post=2589"}],"version-history":[{"count":2,"href":"https:\/\/www.gedichtladen.de\/blog\/wp-json\/wp\/v2\/posts\/2589\/revisions"}],"predecessor-version":[{"id":2591,"href":"https:\/\/www.gedichtladen.de\/blog\/wp-json\/wp\/v2\/posts\/2589\/revisions\/2591"}],"wp:attachment":[{"href":"https:\/\/www.gedichtladen.de\/blog\/wp-json\/wp\/v2\/media?parent=2589"}],"wp:term":[{"taxonomy":"category","embeddable":true,"href":"https:\/\/www.gedichtladen.de\/blog\/wp-json\/wp\/v2\/categories?post=2589"},{"taxonomy":"post_tag","embeddable":true,"href":"https:\/\/www.gedichtladen.de\/blog\/wp-json\/wp\/v2\/tags?post=2589"}],"curies":[{"name":"wp","href":"https:\/\/api.w.org\/{rel}","templated":true}]}}