{"id":2575,"date":"2017-03-05T18:23:06","date_gmt":"2017-03-05T16:23:06","guid":{"rendered":"http:\/\/www.gedichtladen.de\/blog\/?p=2575"},"modified":"2023-12-08T22:59:47","modified_gmt":"2023-12-08T20:59:47","slug":"kolumne-kw-09-2017-erste-erfolge","status":"publish","type":"post","link":"https:\/\/www.gedichtladen.de\/blog\/archive\/2575","title":{"rendered":"Kolumne KW 09 2017 &#8222;Erste Erfolge&#8220;"},"content":{"rendered":"<p><strong>Erste Erfolge<\/strong><\/p>\n<p>&nbsp;<\/p>\n<p>Jetzt hat die Jugend forscht Wettbewerbssaison begonnen. In Brandenburg finden in der Stadt Brandenburg und in Erkner die Regionalwettbewerbe statt. Der in Brandenburg war schon am vergangenen Donnerstag und brachte gro\u00dfe Erfolge f\u00fcr die Sch\u00fcler der Paul Dessau Gesamtschule Zeuthen und deren Betreuer. Alle drei Projekte konnten sich zum Landeswettbewerb qualifizieren, wurden also Regionalsieger.<\/p>\n<p><!--more-->Dabei sind das so anspruchsvolle Themen, wie ein Winzerlabor in einem handlichen K\u00e4stchen, sog. Planenschlitzern auf die Schliche zu kommen oder Querschnittsgel\u00e4hmten den Umgang mit der Computermaus zu erm\u00f6glichen. Manchmal muss man schon abw\u00e4gen, was gerade technisch machbar ist und was dann auch wirklich gebraucht wird, aber die Lesart bei Forschung ist ja immer so, dass man erst einmal nach L\u00f6sungen sucht und sich vielleicht erst im Nachhinein fragt, wof\u00fcr das gew\u00e4hlte Thema gut sein k\u00f6nnte.<\/p>\n<p>\nAllen vorgestellten Projekten der Schule ist auch eigen, dass sie zur Datenerfassung und Auswertung Mikrocontroller vom Typ Arduino verwenden. Das sind wahre Wunderwerke der Technik, die man im Handumdrehn zu einer v\u00f6llig neuen Funktion bringen kann, wobei die beschriebene Worldcommunity schon einen riesigen Bestand an Wissen angeh\u00e4uft hat. F\u00fcr fast alle Probleme und Sensoren gibt es schon Beispielprogramme, die man nur auf seine spezielle Anwendung zuschneiden muss. Oft kommt man da in wenigen Stunden bereits zu beachtlichen Erfolgen.<\/p>\n<p>\nKlar, dass da der Betreuung eine gro\u00dfe Bedeutung zukommt. Die Arbeitsstile der Jugendlichen und der \u00e4lteren Betreuer unterscheiden sich ja erheblich. Manchmal sind auch Schaltungen zu entwerfen und da kommt es besonders auf gr\u00fcndliches Arbeiten an. Ein einziger Fehler gen\u00fcgt ja meistens, dass das Ganze nicht mehr im Entferntesten funktioniert.<\/p>\n<p>\nDa kann es dann schon mal sein, dass ein halbes Jahr herumprobiert wurde und man die Sache noch mal gr\u00fcndlich bedenken muss, um sie zum Spielen zu bringen.<\/p>\n<p>\nLetztendlich ist das aber alles gut gegangen und die Gewinner k\u00f6nnen sich freuen, eine Runde weiter zu sein und dem Ziel etwas n\u00e4her zu r\u00fccken, dann am Bundesfinale teilnehmen zu k\u00f6nnen. Jetzt wollen wir hoffen, dass es in Erkner \u00e4hnlich gut l\u00e4uft. Der Gedichtladen w\u00fcnscht dazu jedenfalls alles Gute.<\/p>\n<p>\n<em>Christian Rempel in Zeuthen, den 4.3.2017<\/em><\/p>\n","protected":false},"excerpt":{"rendered":"<p>Erste Erfolge &nbsp; Jetzt hat die Jugend forscht Wettbewerbssaison begonnen. In Brandenburg finden in der Stadt Brandenburg und in Erkner die Regionalwettbewerbe statt. Der in Brandenburg war schon am vergangenen Donnerstag und brachte gro\u00dfe Erfolge f\u00fcr die Sch\u00fcler der Paul&#8230;<br \/><a class=\"read-more-button\" href=\"https:\/\/www.gedichtladen.de\/blog\/archive\/2575\">Mehr Lesen<\/a><\/p>\n","protected":false},"author":1,"featured_media":0,"comment_status":"open","ping_status":"open","sticky":false,"template":"","format":"standard","meta":{"footnotes":""},"categories":[12],"tags":[],"class_list":["post-2575","post","type-post","status-publish","format-standard","hentry","category-kolumne"],"_links":{"self":[{"href":"https:\/\/www.gedichtladen.de\/blog\/wp-json\/wp\/v2\/posts\/2575","targetHints":{"allow":["GET"]}}],"collection":[{"href":"https:\/\/www.gedichtladen.de\/blog\/wp-json\/wp\/v2\/posts"}],"about":[{"href":"https:\/\/www.gedichtladen.de\/blog\/wp-json\/wp\/v2\/types\/post"}],"author":[{"embeddable":true,"href":"https:\/\/www.gedichtladen.de\/blog\/wp-json\/wp\/v2\/users\/1"}],"replies":[{"embeddable":true,"href":"https:\/\/www.gedichtladen.de\/blog\/wp-json\/wp\/v2\/comments?post=2575"}],"version-history":[{"count":2,"href":"https:\/\/www.gedichtladen.de\/blog\/wp-json\/wp\/v2\/posts\/2575\/revisions"}],"predecessor-version":[{"id":2577,"href":"https:\/\/www.gedichtladen.de\/blog\/wp-json\/wp\/v2\/posts\/2575\/revisions\/2577"}],"wp:attachment":[{"href":"https:\/\/www.gedichtladen.de\/blog\/wp-json\/wp\/v2\/media?parent=2575"}],"wp:term":[{"taxonomy":"category","embeddable":true,"href":"https:\/\/www.gedichtladen.de\/blog\/wp-json\/wp\/v2\/categories?post=2575"},{"taxonomy":"post_tag","embeddable":true,"href":"https:\/\/www.gedichtladen.de\/blog\/wp-json\/wp\/v2\/tags?post=2575"}],"curies":[{"name":"wp","href":"https:\/\/api.w.org\/{rel}","templated":true}]}}