{"id":2560,"date":"2017-02-12T13:26:38","date_gmt":"2017-02-12T11:26:38","guid":{"rendered":"http:\/\/www.gedichtladen.de\/blog\/?p=2560"},"modified":"2023-12-08T22:59:47","modified_gmt":"2023-12-08T20:59:47","slug":"kolumne-kw-06-2017-unbedarftheit","status":"publish","type":"post","link":"https:\/\/www.gedichtladen.de\/blog\/archive\/2560","title":{"rendered":"Kolumne KW 06 2017 &#8222;Unbedarftheit&#8220;"},"content":{"rendered":"<p><strong>Unbedarftheit<\/strong><\/p>\n<p>&nbsp;<\/p>\n<p>Die Jugend forscht Bewegung befindet sich jetzt in der Phase, wo die schriftlichen Arbeiten hochgeladen sind und man sich auf die ersten Pr\u00e4sentationen zum Regionalwettbewerb vorbe\u00adrei\u00adtet. Die Jugendlichen und Betreuer k\u00f6nnen also noch gar nicht wissen, wie ihre Projekte von der Jury aufgenommen werden und ob sie sich f\u00fcr die kommenden Wettbewerbsstufen qualifizieren k\u00f6nnen.<\/p>\n<p><!--more-->Einer der Sponsoren ist die DNWAB, die in der Region f\u00fcr Wasser und Abwasser verantwortlich ist. Da gibt es denn auch eine Wasserzeitung. Da man aber \u00fcber das Wasser nicht unendlich viel sagen kann, ist auch das Thema Jugend forscht ein beliebter Gegenstand und so wurde eine Journalistin beauftragt, die Jugendlichen und Betreuer, die sich alle im Sch\u00fclerforschungszentrum der Paul Dessau Gesamtschule versammelt hatten, zu ihren Projekten zu befragen.<\/p>\n<p>\nDie Journalistin sah sich nun als Vertreter einer unbedarften Leserschaft, die nat\u00fcrlich \u00fcberhaupt keine Ahnung mehr hat, was technisch machbar ist und was es bedeutet, so eine Idee umzusetzen. Am n\u00e4chsten ist man also einem Leser, wenn man selbst keinerlei Schimmer hat und die landl\u00e4ufige Meinung bedient, dass Forschen so eine Art Wundert\u00e4terei sei. Man geht ein ganz brennendes Problem an, macht ein bisschen forsch forsch (oder hex hex) und im Handumdrehn ist dann auch schon die L\u00f6sung da. Es ist ja klar, dass man nicht alle Probleme durch Forschen aus dem Weg r\u00e4umen kann, manchmal muss man auch einfach die \u00c4rmel hochkrempeln und eine Sache durch Flei\u00df und Schwei\u00df l\u00f6sen.<\/p>\n<p>\nDoch weder das Forschen noch das \u00c4rmelhochkrempeln scheint noch so recht unsere Sache zu sein. Lieber psychologisieren wir ein bisschen herum, wenn wir schon von den Sachen nichts mehr verstehen. So kamen dann Fragen, wie: \u201eWarum interessiert euch das denn \u00fcberhaupt?\u201c So etwa als w\u00fcrde man sagen, man k\u00f6nne doch auch alles sein lassen und zum Beispiel den ganzen Tag am Computer spielen, was doch schon viel zu viele t\u00e4glich betreiben.<\/p>\n<p>\nSich eine kleine technische Aufgabe stellen und die dann auszuf\u00fchren, geh\u00f6rt nicht mehr zur Norm. Wollten wir aber ein Land bleiben, das sich nicht nur auf den Lorbeeren und seinem Wohlstand ausruht, m\u00fcsste da jeder, entsprechend seinen F\u00e4higkeiten, einen kleinen Beitrag leisten, dann k\u00f6nnten wir wieder in der Technik vorankommen. Wir beherrschen fast nur noch die Technik des Konsumierens und sind wahrscheinlich Weltmeister im Herumm\u00e4keln an dem, was uns angeboten wird, aber ein kleines Produkt herzustellen, kann fast keiner mehr. Wohl nicht mal einen Zeitungsartikel, der eher dazu angetan ist, zu einer Mitwirkung an diesem weltweiten Prozess zu motivieren, als die wenigen, es sind gerade mal 2% aller Sch\u00fcler, die unterwegs sind, das Abitur zu erwerben, auch noch in die Frustrationsecke zu dr\u00e4ngen, nur weil man selber eben recht unbedarft ist.<\/p>\n<p>\n<em>Christian Rempel in Zeuthen, den 11.2.2017<\/em><\/p>\n","protected":false},"excerpt":{"rendered":"<p>Unbedarftheit &nbsp; Die Jugend forscht Bewegung befindet sich jetzt in der Phase, wo die schriftlichen Arbeiten hochgeladen sind und man sich auf die ersten Pr\u00e4sentationen zum Regionalwettbewerb vorbe\u00adrei\u00adtet. Die Jugendlichen und Betreuer k\u00f6nnen also noch gar nicht wissen, wie ihre&#8230;<br \/><a class=\"read-more-button\" href=\"https:\/\/www.gedichtladen.de\/blog\/archive\/2560\">Mehr Lesen<\/a><\/p>\n","protected":false},"author":1,"featured_media":0,"comment_status":"open","ping_status":"open","sticky":false,"template":"","format":"standard","meta":{"footnotes":""},"categories":[12],"tags":[],"class_list":["post-2560","post","type-post","status-publish","format-standard","hentry","category-kolumne"],"_links":{"self":[{"href":"https:\/\/www.gedichtladen.de\/blog\/wp-json\/wp\/v2\/posts\/2560","targetHints":{"allow":["GET"]}}],"collection":[{"href":"https:\/\/www.gedichtladen.de\/blog\/wp-json\/wp\/v2\/posts"}],"about":[{"href":"https:\/\/www.gedichtladen.de\/blog\/wp-json\/wp\/v2\/types\/post"}],"author":[{"embeddable":true,"href":"https:\/\/www.gedichtladen.de\/blog\/wp-json\/wp\/v2\/users\/1"}],"replies":[{"embeddable":true,"href":"https:\/\/www.gedichtladen.de\/blog\/wp-json\/wp\/v2\/comments?post=2560"}],"version-history":[{"count":2,"href":"https:\/\/www.gedichtladen.de\/blog\/wp-json\/wp\/v2\/posts\/2560\/revisions"}],"predecessor-version":[{"id":2563,"href":"https:\/\/www.gedichtladen.de\/blog\/wp-json\/wp\/v2\/posts\/2560\/revisions\/2563"}],"wp:attachment":[{"href":"https:\/\/www.gedichtladen.de\/blog\/wp-json\/wp\/v2\/media?parent=2560"}],"wp:term":[{"taxonomy":"category","embeddable":true,"href":"https:\/\/www.gedichtladen.de\/blog\/wp-json\/wp\/v2\/categories?post=2560"},{"taxonomy":"post_tag","embeddable":true,"href":"https:\/\/www.gedichtladen.de\/blog\/wp-json\/wp\/v2\/tags?post=2560"}],"curies":[{"name":"wp","href":"https:\/\/api.w.org\/{rel}","templated":true}]}}