{"id":2544,"date":"2017-01-29T11:45:59","date_gmt":"2017-01-29T09:45:59","guid":{"rendered":"http:\/\/www.gedichtladen.de\/blog\/?p=2544"},"modified":"2023-12-08T22:59:47","modified_gmt":"2023-12-08T20:59:47","slug":"kolumne-kw-04-2017-feminismus-allueberall","status":"publish","type":"post","link":"https:\/\/www.gedichtladen.de\/blog\/archive\/2544","title":{"rendered":"Kolumne KW 04 2017 &#8222;Feminismus all\u00fcberall&#8220;"},"content":{"rendered":"<p><strong>Feminismus all\u00fcberall<\/strong><\/p>\n<p>&nbsp;<\/p>\n<p>Man kommt sich als Mann im Capitol, dem Szenekino in K\u00f6nigs Wusterhausen, schon einigerma\u00dfen als Fremdk\u00f6rper vor, wenn lauter reifere Frauen hereinstr\u00f6men, also insbesondere solche, die sich schon mal versucht haben selbst zu finden, vorzugsweise an einer Staffelei, wo dann unnachahmliche Kunstwerke in Serie produziert werden. Das Kino war also scheinbar erf\u00fcllt von den Ger\u00fcchen frischer Farbe und dann konnte der Film von der ersten Frau beginnen, der jemals in Deutschland ein Museum gebaut wurde, obwohl sie nur ein Alter von 31 Jahren erreicht hat.<\/p>\n<p><!--more-->M\u00e4nner kennen sie ja kaum, die Paula Modersohn Becker, genauso, wie sie wohl auch passen m\u00fcssten, w\u00fcrden sie nach Lou Andreas Salome gefragt, der vor einiger Zeit schon mal ein Film gewidmet war. F\u00fcr viele Frauen ist es dagegen ein Muss, einmal im Moor von Worpswede bei Bremen gewesen zu sein und den genuis loci geatmet zu haben. Da hatten sich n\u00e4mlich um 1900 f\u00fcnf Maler niedergelassen, die dann der Landschaftsmalerei, die in jeder Akademie h\u00f6chstens stiefm\u00fctterlich behandelt wird, zu einer neuen Bl\u00fcte verholfen. Dazu kam dann noch, dass der junge Rainer Maria Rilke dort des\u00f6fteren auftauchte und schlie\u00dflich ein Buch \u00fcber die K\u00fcnstler verfasste, unter denen aber keine einzige Frau vorkam, eben nicht mal die heute so verehrte Paula Becker, obwohl der Dichter damals schon verliebt in sie war sowie zu allem \u00dcberfluss gleich in deren Freundin Clara Westhoff. Da ihm alle Frauen zu F\u00fc\u00dfen zu liegen hatten, war er dann t\u00f6dlich beleidigt als Paula Modersohn heiratete und lie\u00df sich monatelang nicht mehr sehen. Schlie\u00dflich heiratet er Clara, hat sogar Kinder mit ihr, die er aber kaum zur Kenntnis nimmt, wie er sich auch durch die Ehe zu nichts verpflichtet sieht.<\/p>\n<p>\nEine \u00e4hnliche Einstellung wird uns von Paula vorgef\u00fchrt, die zu ihrem 30. Geburtstag auf und davon ist und sich in Paris niederl\u00e4sst. Dort hat sie auch einen Geliebten und ihre Ehe spielt nur noch insoweit eine Rolle, dass monatlich Geld eingeht. Als Modersohn dann mal nach Paris kommt, um nach dem Rechten zu sehen, liefert sie ihm eine Szene weiblicher Emanzipiertheit, die man sich abschreckender kaum vorstellen kann. Auch hatte sie ihr Mann noch nie ber\u00fchrt, was aus seiner Angst resultierte, sie k\u00f6nnte wie seine erste Frau im Kindbett sterben. Als sie sich dann ob ihrer sozialen Not entschlie\u00dft, doch zu ihrem Mann zur\u00fcckzukehren, bleibt ihr dieses Schicksal dann doch nicht erspart.<\/p>\n<p>\nGeht man aus dem Film, bleibt der schale Nachgeschmack, dass es mit der gro\u00dfen Freiheit vielleicht doch nicht das Rechte ist.<\/p>\n<p>\n<em>Christian Rempel in Zeuthen, den 28.1.2017<\/em><\/p>\n","protected":false},"excerpt":{"rendered":"<p>Feminismus all\u00fcberall &nbsp; Man kommt sich als Mann im Capitol, dem Szenekino in K\u00f6nigs Wusterhausen, schon einigerma\u00dfen als Fremdk\u00f6rper vor, wenn lauter reifere Frauen hereinstr\u00f6men, also insbesondere solche, die sich schon mal versucht haben selbst zu finden, vorzugsweise an einer&#8230;<br \/><a class=\"read-more-button\" href=\"https:\/\/www.gedichtladen.de\/blog\/archive\/2544\">Mehr Lesen<\/a><\/p>\n","protected":false},"author":1,"featured_media":0,"comment_status":"open","ping_status":"open","sticky":false,"template":"","format":"standard","meta":{"footnotes":""},"categories":[12],"tags":[],"class_list":["post-2544","post","type-post","status-publish","format-standard","hentry","category-kolumne"],"_links":{"self":[{"href":"https:\/\/www.gedichtladen.de\/blog\/wp-json\/wp\/v2\/posts\/2544","targetHints":{"allow":["GET"]}}],"collection":[{"href":"https:\/\/www.gedichtladen.de\/blog\/wp-json\/wp\/v2\/posts"}],"about":[{"href":"https:\/\/www.gedichtladen.de\/blog\/wp-json\/wp\/v2\/types\/post"}],"author":[{"embeddable":true,"href":"https:\/\/www.gedichtladen.de\/blog\/wp-json\/wp\/v2\/users\/1"}],"replies":[{"embeddable":true,"href":"https:\/\/www.gedichtladen.de\/blog\/wp-json\/wp\/v2\/comments?post=2544"}],"version-history":[{"count":2,"href":"https:\/\/www.gedichtladen.de\/blog\/wp-json\/wp\/v2\/posts\/2544\/revisions"}],"predecessor-version":[{"id":2546,"href":"https:\/\/www.gedichtladen.de\/blog\/wp-json\/wp\/v2\/posts\/2544\/revisions\/2546"}],"wp:attachment":[{"href":"https:\/\/www.gedichtladen.de\/blog\/wp-json\/wp\/v2\/media?parent=2544"}],"wp:term":[{"taxonomy":"category","embeddable":true,"href":"https:\/\/www.gedichtladen.de\/blog\/wp-json\/wp\/v2\/categories?post=2544"},{"taxonomy":"post_tag","embeddable":true,"href":"https:\/\/www.gedichtladen.de\/blog\/wp-json\/wp\/v2\/tags?post=2544"}],"curies":[{"name":"wp","href":"https:\/\/api.w.org\/{rel}","templated":true}]}}