{"id":2539,"date":"2017-01-22T14:13:42","date_gmt":"2017-01-22T12:13:42","guid":{"rendered":"http:\/\/www.gedichtladen.de\/blog\/?p=2539"},"modified":"2023-12-08T22:59:47","modified_gmt":"2023-12-08T20:59:47","slug":"kolumne-kw-03-2017-dahlewitz","status":"publish","type":"post","link":"https:\/\/www.gedichtladen.de\/blog\/archive\/2539","title":{"rendered":"Kolumne KW 03 2017 &#8222;Dahlewitz&#8220;"},"content":{"rendered":"<p><strong>Dahlewitz<\/strong><\/p>\n<p>&nbsp;<\/p>\n<p>Eigentlich d\u00fcrfte man gar keine Werbung machen f\u00fcr die Schul- und Volkssternwarte Dahlewitz, denn zu den Vortr\u00e4gen jeden Freitag in der Astronomensaison (September bis M\u00e4rz) finden sich meistens schon die zwanzig Leute ein, die das Planetarium fasst, aber denjenigen, die lieber gleich zu Hause bleiben und lieber auf dieser Seite etwas dar\u00fcber lesen wollen, werden sich vielleicht \u00fcber ein paar Eindr\u00fccke freuen.<\/p>\n<p><!--more-->Der Flyer der Sternwarte enth\u00e4lt ein Geleitwort von Altmeister Goethe:<br \/>\nDie Sterne, die begehrt man nicht,<br \/>\nman freut sich ihrer Pracht,<br \/>\nund mit Entz\u00fccken blickt man auf<br \/>\nin jeder heitern Nacht.<\/p>\n<p>\nDa sieht man all diese P\u00fcnktchen, die zum gr\u00f6\u00dften Teil viel gr\u00f6\u00dfer sind als unsere Sonne. Erst Giordano Bruno war auf die Idee gekommen, dass es sich bei den Sternen um ebensolche Sonnen handeln k\u00f6nnte wie die unsere. Manche davon sind allerdings gewaltig gr\u00f6\u00dfer, es gibt welche, deren Oberfl\u00e4che, in unser Sonnensystem verfrachtet, bis zur Bahn des Jupiters reichen w\u00fcrden.<\/p>\n<p>\nZum Begehren sind sie nun wirklich zu weit entfernt, denn wollte man nur zum n\u00e4chsten von ihnen reisen und das mit Lichtgeschwindigkeit, w\u00e4re man schon f\u00fcnf Jahre unterwegs. Die meisten Sterne, die wir sehen, sind sogar hundert und mehr Lichtjahre von uns entfernt. Sie scheinen unwandelbar und man nimmt sie gern als absolutes Bezugssystem in der Physik, aber am 5. Februar wird sich einer um drei Helligkeitsklassen verdunkeln, n\u00e4mlich Algol im Sternbild Perseus. Der Grund ist einfach, dass es sich dabei um einen Doppelstern handelt und der eine den anderen abdecken kann, was um 23:17 Uhr seinen H\u00f6hepunkt erreicht. Wenn wir das sehen k\u00f6nnen, ist es allerdings schon fast 90 Jahre her, dass diese Konstellation bestand.<\/p>\n<p>\nEin weiteres interessantes Schauspiel bietet sich den Teleskopbesitzern am Pfingstmontag, dem 5. Juni, wenn auf der Jupiterscheibe zwei Monde zu sehen sein werden (Io und Europa) und, was das Sensationelle ist, auch deren beide Schatten. Das ist also dann eine richtige doppelte Sonnenfinsternis, wie wir sie hier auch von unserem Mond kennen.<\/p>\n<p>\nWer eine solche auf der Erde erleben wollte, m\u00fcsste am 21. August in den USA sein, durch die ein schmales Band der totalen Sonnenfinsternis im Sommer geht. Wem das zu weit ist, der fahre im Sommer 2026 nach Mallorca und genie\u00dfe dort dieses einmalige Schauspiel, das wir in Deutschland erst wieder in den achtziger Jahren haben werden.<\/p>\n<p>\n<strong>Bis dahin herrscht eben Vorfreude.<\/strong><\/p>\n<p>\n<em>Christian Rempel in Zeuthen, den 22.1.2017<\/em><\/p>\n","protected":false},"excerpt":{"rendered":"<p>Dahlewitz &nbsp; Eigentlich d\u00fcrfte man gar keine Werbung machen f\u00fcr die Schul- und Volkssternwarte Dahlewitz, denn zu den Vortr\u00e4gen jeden Freitag in der Astronomensaison (September bis M\u00e4rz) finden sich meistens schon die zwanzig Leute ein, die das Planetarium fasst, aber&#8230;<br \/><a class=\"read-more-button\" href=\"https:\/\/www.gedichtladen.de\/blog\/archive\/2539\">Mehr Lesen<\/a><\/p>\n","protected":false},"author":1,"featured_media":0,"comment_status":"open","ping_status":"open","sticky":false,"template":"","format":"standard","meta":{"footnotes":""},"categories":[12],"tags":[],"class_list":["post-2539","post","type-post","status-publish","format-standard","hentry","category-kolumne"],"_links":{"self":[{"href":"https:\/\/www.gedichtladen.de\/blog\/wp-json\/wp\/v2\/posts\/2539","targetHints":{"allow":["GET"]}}],"collection":[{"href":"https:\/\/www.gedichtladen.de\/blog\/wp-json\/wp\/v2\/posts"}],"about":[{"href":"https:\/\/www.gedichtladen.de\/blog\/wp-json\/wp\/v2\/types\/post"}],"author":[{"embeddable":true,"href":"https:\/\/www.gedichtladen.de\/blog\/wp-json\/wp\/v2\/users\/1"}],"replies":[{"embeddable":true,"href":"https:\/\/www.gedichtladen.de\/blog\/wp-json\/wp\/v2\/comments?post=2539"}],"version-history":[{"count":2,"href":"https:\/\/www.gedichtladen.de\/blog\/wp-json\/wp\/v2\/posts\/2539\/revisions"}],"predecessor-version":[{"id":2542,"href":"https:\/\/www.gedichtladen.de\/blog\/wp-json\/wp\/v2\/posts\/2539\/revisions\/2542"}],"wp:attachment":[{"href":"https:\/\/www.gedichtladen.de\/blog\/wp-json\/wp\/v2\/media?parent=2539"}],"wp:term":[{"taxonomy":"category","embeddable":true,"href":"https:\/\/www.gedichtladen.de\/blog\/wp-json\/wp\/v2\/categories?post=2539"},{"taxonomy":"post_tag","embeddable":true,"href":"https:\/\/www.gedichtladen.de\/blog\/wp-json\/wp\/v2\/tags?post=2539"}],"curies":[{"name":"wp","href":"https:\/\/api.w.org\/{rel}","templated":true}]}}