{"id":2518,"date":"2016-12-25T22:53:42","date_gmt":"2016-12-25T20:53:42","guid":{"rendered":"http:\/\/www.gedichtladen.de\/blog\/?p=2518"},"modified":"2023-12-08T22:59:47","modified_gmt":"2023-12-08T20:59:47","slug":"kolumne-kw-51-2016-unterm-weihnachtsbaum","status":"publish","type":"post","link":"https:\/\/www.gedichtladen.de\/blog\/archive\/2518","title":{"rendered":"Kolumne KW 51 2016 &#8222;Unterm Weihnachtsbaum&#8220;"},"content":{"rendered":"<p><strong>Unterm Weihnachtsbaum<\/strong><\/p>\n<p>&nbsp;<\/p>\n<p>Den Weihnachtsbaum, unter den man sich gern fl\u00fcchten w\u00fcrde, sah ich nur als Bild in einer WhatsApp Nachricht. Er war aber so klein, dass darunter zwar Geschenke in aller Bescheidenheit Platz f\u00e4nden, aber kein erwachsener Mensch. Den Fernseher m\u00f6chte man ja auch nicht einschalten, sie w\u00fcrden einen doch nicht mit erschossenen Terroristen, die wir freundlich ins Land einladen und sie als neuerdings \u201eGef\u00e4hrder\u201c hier ern\u00e4hren und ihrer Abschiebung irgendwelche selbstgemachten Hin\u00adder\u00adnisse in den Weg legen.<\/p>\n<p><!--more-->Wie mag es wohl den Menschen gehen, wo jetzt der eine oder andere am Weihnachtsabend gefehlt hat, weil ein Durchgeknallter ihn \u00fcberfahren hat. Als ich Fahrschule hatte, wusste der Leiter zu sagen, das Auto sei eine Waffe, was wir nun mal wieder gesehen haben. Es scheint f\u00fcr solche zwielichtigen Gestalten auch kein gr\u00f6\u00dferes Problem zu sein, an eine Schusswaffe zu kommen.<\/p>\n<p>\nDiese Zust\u00e4nde hat uns eine b\u00fcrokratische Regierung beschert, die dann mal eben ein bisschen nachdenken wollen, wenn das Kind schon in den Brunnen gefallen ist.<\/p>\n<p>\nDiese Weihnacht ist friedlich nur insofern, dass wir seltsamerweise f\u00fcr unser Geld noch einiges zu kaufen kriegen, was ja auch keine Selbstverst\u00e4ndlichkeit mehr ist. Wir neigen aber zu sehr dazu, alle anderen Menschen auf der Welt mit unseren Ma\u00dfst\u00e4ben der Treu und Redlichkeit zu messen. Dass diese Werte keine Selbstverst\u00e4ndlichkeit sind, nicht unter uns und schon gar nicht global gesehen, das sollte man eben keinen Moment vergessen.<\/p>\n<p>\nDas Kapital wurde in den Jahren der Globalisierung gewinnbringend exportiert, aber die ethische Komponente ist da nat\u00fcrlich v\u00f6llig au\u00dfen vor. Der Ware, und das trifft auch auf viele Dinge zu, die jetzt unter dem Weihnachtsbaum liegen, sieht man nicht an, unter welchen Bedingungen, mit welchen Motivationen sie produziert wurde. Nur wenige Nationen, wie z. B. die chinesische oder auch die russische, haben sich darauf verlegt, entweder durch flei\u00dfige Arbeit oder durch die Preisgabe von Ressourcen ihr Geld zu verdienen, aber das hat auch W\u00fcsten hinterlassen, wo gar nichts nennenswertes mehr produziert wird, oder haben Sie schon mal eine afghanische oder syrische Ware im Schaufenster gesehen?<\/p>\n<p>\nIm besten Fall scheinen sich die Machthaber nun zu versprechen, gerade durch diese Nationen eine personelle Auffrischung zu erfahren, w\u00e4hrend die anderen mehr oder weniger verteufelt werden.<\/p>\n<p>\nKann das gutgehen? Kann man das wollen?<\/p>\n<p><em><br \/>\nChristian Rempel in Zeuthen, den 25.12.2016<\/em><\/p>\n","protected":false},"excerpt":{"rendered":"<p>Unterm Weihnachtsbaum &nbsp; Den Weihnachtsbaum, unter den man sich gern fl\u00fcchten w\u00fcrde, sah ich nur als Bild in einer WhatsApp Nachricht. Er war aber so klein, dass darunter zwar Geschenke in aller Bescheidenheit Platz f\u00e4nden, aber kein erwachsener Mensch. Den&#8230;<br \/><a class=\"read-more-button\" href=\"https:\/\/www.gedichtladen.de\/blog\/archive\/2518\">Mehr Lesen<\/a><\/p>\n","protected":false},"author":1,"featured_media":0,"comment_status":"open","ping_status":"open","sticky":false,"template":"","format":"standard","meta":{"footnotes":""},"categories":[12],"tags":[],"class_list":["post-2518","post","type-post","status-publish","format-standard","hentry","category-kolumne"],"_links":{"self":[{"href":"https:\/\/www.gedichtladen.de\/blog\/wp-json\/wp\/v2\/posts\/2518","targetHints":{"allow":["GET"]}}],"collection":[{"href":"https:\/\/www.gedichtladen.de\/blog\/wp-json\/wp\/v2\/posts"}],"about":[{"href":"https:\/\/www.gedichtladen.de\/blog\/wp-json\/wp\/v2\/types\/post"}],"author":[{"embeddable":true,"href":"https:\/\/www.gedichtladen.de\/blog\/wp-json\/wp\/v2\/users\/1"}],"replies":[{"embeddable":true,"href":"https:\/\/www.gedichtladen.de\/blog\/wp-json\/wp\/v2\/comments?post=2518"}],"version-history":[{"count":2,"href":"https:\/\/www.gedichtladen.de\/blog\/wp-json\/wp\/v2\/posts\/2518\/revisions"}],"predecessor-version":[{"id":2520,"href":"https:\/\/www.gedichtladen.de\/blog\/wp-json\/wp\/v2\/posts\/2518\/revisions\/2520"}],"wp:attachment":[{"href":"https:\/\/www.gedichtladen.de\/blog\/wp-json\/wp\/v2\/media?parent=2518"}],"wp:term":[{"taxonomy":"category","embeddable":true,"href":"https:\/\/www.gedichtladen.de\/blog\/wp-json\/wp\/v2\/categories?post=2518"},{"taxonomy":"post_tag","embeddable":true,"href":"https:\/\/www.gedichtladen.de\/blog\/wp-json\/wp\/v2\/tags?post=2518"}],"curies":[{"name":"wp","href":"https:\/\/api.w.org\/{rel}","templated":true}]}}