{"id":2501,"date":"2016-12-18T21:56:12","date_gmt":"2016-12-18T19:56:12","guid":{"rendered":"http:\/\/www.gedichtladen.de\/blog\/?p=2501"},"modified":"2023-12-08T22:59:47","modified_gmt":"2023-12-08T20:59:47","slug":"kolumne-kw-50-2016-das-jahr-haelt-den-atem-an","status":"publish","type":"post","link":"https:\/\/www.gedichtladen.de\/blog\/archive\/2501","title":{"rendered":"Kolumne KW 50 2016 &#8222;Das Jahr h\u00e4lt den Atem an&#8220;"},"content":{"rendered":"<p><strong>Das Jahr h\u00e4lt den Atem an<\/strong><\/p>\n<p>&nbsp;<\/p>\n<p>Nun ist es bald vorbei mit dem Jahr 2016, aber was w\u00e4re der Abgesang ohne das vorgelagerte Weihnachtsfest. Die Lehrer hier in Brandenburg und Berlin m\u00fcssen noch drei Tage durchhalten und dann haben auch sie die verdiente Pause.<\/p>\n<p><!--more-->Noch kein Schneefl\u00f6ckchen hat sich gezeigt dieses Jahr und Goethe s\u00e4uselt uns sinngem\u00e4\u00df ins Ohr:<\/p>\n<p>Heut ist es herrlich, wenn\u2019s so bliebe,<br \/>\nhab tief geschaut ins Glas \u2013 der Liebe<\/p>\n<p>Die Dichterf\u00fcrsten haben ja einen nicht unbetr\u00e4chtlichen Teil ihres Einkommens auf den Wein verwandt, haben wirklich ins Glas geschaut, w\u00e4hrend unsereins lieber durch Plexiglas schauen w\u00fcrde. Ein solches Geh\u00e4use soll n\u00e4mlich der Space Orienter noch bekommen, dass man ihn klimatisieren kann, denn der Laser geht nur bei durchschnittlicher Raumtemperatur. Die andere Aufgabe, die noch anstand, war fast im Handumdrehn gel\u00f6st, dass er sich n\u00e4mlich durch ein Excelsheet steuern l\u00e4sst. Hat man da ein Programmbeispiel, hat man schon fast gewonnen. Es anzupassen dauert nur wenige Stunden. Dann noch etwas Kosmetik an dem Excelsheet selbst und fertig ist die Laube.<\/p>\n<p>Jetzt warten wir eigentlich nur noch auf das Geh\u00e4use mit einer Kuppel, sodass es aussieht, wie eine kleine Sternwarte und dann kann es ans Fotografieren gehen und als Gru\u00df um die Welt.<\/p>\n<p>Die ersten Weihnachtsgr\u00fc\u00dfe gehen ja schon ein, aber da die Kommu\u00adnikation heute schnell ist, kann man noch antworten, bevor das Fest wirklich heran ist.<\/p>\n<p>Ich habe mich erst einmal inspirieren lassen von einer dauernebligen Landschaft in der Rh\u00f6n und habe ein Weihnachtsst\u00fcck verfasst, das dann tats\u00e4chlich am Heiligen Abend f\u00fcr nur ein Kind und viele erwachsene Zuschauer aufgef\u00fchrt werden soll. Die Hexe hat sich n\u00e4mlich so etwas wie einen Parkservice ausgedacht, aber macht daraus ein un\u00fcbertreffliches Gesch\u00e4ft. Es wird auch wieder gezaubert, aber den b\u00f6sen Zauber aufzuheben, bedarf es keiner Zauberformel, sondern das geschieht durch die Liebe, die sich poetisch in Reimen ausdr\u00fcckt. Bei dem letzten Spiel kamen ja die Reime sehr gut an, und wenn man das merkt, muss nat\u00fcrlich gleich in diese Kerbe hineingereimt werden.<\/p>\n<p>Also, lassen Sie sich \u00fcberraschen!<\/p>\n<p><em>Christian Rempel in Zeuthen, den 18.12.2016<\/em><\/p>\n","protected":false},"excerpt":{"rendered":"<p>Das Jahr h\u00e4lt den Atem an &nbsp; Nun ist es bald vorbei mit dem Jahr 2016, aber was w\u00e4re der Abgesang ohne das vorgelagerte Weihnachtsfest. Die Lehrer hier in Brandenburg und Berlin m\u00fcssen noch drei Tage durchhalten und dann haben&#8230;<br \/><a class=\"read-more-button\" href=\"https:\/\/www.gedichtladen.de\/blog\/archive\/2501\">Mehr Lesen<\/a><\/p>\n","protected":false},"author":1,"featured_media":0,"comment_status":"open","ping_status":"open","sticky":false,"template":"","format":"standard","meta":{"footnotes":""},"categories":[12],"tags":[],"class_list":["post-2501","post","type-post","status-publish","format-standard","hentry","category-kolumne"],"_links":{"self":[{"href":"https:\/\/www.gedichtladen.de\/blog\/wp-json\/wp\/v2\/posts\/2501","targetHints":{"allow":["GET"]}}],"collection":[{"href":"https:\/\/www.gedichtladen.de\/blog\/wp-json\/wp\/v2\/posts"}],"about":[{"href":"https:\/\/www.gedichtladen.de\/blog\/wp-json\/wp\/v2\/types\/post"}],"author":[{"embeddable":true,"href":"https:\/\/www.gedichtladen.de\/blog\/wp-json\/wp\/v2\/users\/1"}],"replies":[{"embeddable":true,"href":"https:\/\/www.gedichtladen.de\/blog\/wp-json\/wp\/v2\/comments?post=2501"}],"version-history":[{"count":3,"href":"https:\/\/www.gedichtladen.de\/blog\/wp-json\/wp\/v2\/posts\/2501\/revisions"}],"predecessor-version":[{"id":3330,"href":"https:\/\/www.gedichtladen.de\/blog\/wp-json\/wp\/v2\/posts\/2501\/revisions\/3330"}],"wp:attachment":[{"href":"https:\/\/www.gedichtladen.de\/blog\/wp-json\/wp\/v2\/media?parent=2501"}],"wp:term":[{"taxonomy":"category","embeddable":true,"href":"https:\/\/www.gedichtladen.de\/blog\/wp-json\/wp\/v2\/categories?post=2501"},{"taxonomy":"post_tag","embeddable":true,"href":"https:\/\/www.gedichtladen.de\/blog\/wp-json\/wp\/v2\/tags?post=2501"}],"curies":[{"name":"wp","href":"https:\/\/api.w.org\/{rel}","templated":true}]}}