{"id":2492,"date":"2016-12-09T22:52:17","date_gmt":"2016-12-09T20:52:17","guid":{"rendered":"http:\/\/www.gedichtladen.de\/blog\/?p=2492"},"modified":"2023-12-08T22:59:47","modified_gmt":"2023-12-08T20:59:47","slug":"kolumne-kw-48-kw-49-2016-puppenspiel","status":"publish","type":"post","link":"https:\/\/www.gedichtladen.de\/blog\/archive\/2492","title":{"rendered":"Kolumne KW 48 2016 &#8222;Puppenspiel&#8220;"},"content":{"rendered":"<p><strong>Puppenspiel<\/strong><\/p>\n<p>&nbsp;<\/p>\n<p>Nun ist es vier Tage her, dass ich das Puppenspiel auf die B\u00fchne gebracht hatte, zusammen mit der Leiterin des Jugend- und Seniorenclubs in Waltersdorf. Auf dem Programm war das St\u00fcck als Kasperletheater angek\u00fcndigt, wogegen sich der Kasper verwahren w\u00fcrde, denn er ist schon ganz sch\u00f6n gro\u00df und gerade in Sehnsucht nach seiner Gretel begriffen.<\/p>\n<p><!--more-->Anfangs waren nur etwa zehn Leute da, ganz alte und ganz kleine, aber wir haben trotzdem einigerma\u00dfen p\u00fcnktlich angefan\u00adgen, denn noch mal eine Runde zu ziehen, h\u00e4tte bedeutet, dass diejenigen bestraft w\u00fcrden, die p\u00fcnktlich erschienen waren.<\/p>\n<p>\nDie Gretel war also weg und keiner wusste, wohin sie geraten war. Daf\u00fcr tauchte bei der Suche nach ihr ein Eselchen auf, das traurig dastand und ringsherum waren Geschenke verstreut, die dann zu allem \u00dcberfluss auch noch vom R\u00e4uber gestohlen wurden.<\/p>\n<p>\nWie nun die Geschenke wieder an die richtigen Kinder gekommen sind und Gretel wieder auftauchte, dazu h\u00e4tte man das St\u00fcck sehen m\u00fcssen. Jedenfalls hat der Onkel Kilian, der schon beim \u201evermaledeiten Zapfen\u201c voriges Jahr eine Rolle gespielt hatte und den Betty damals noch in der Bastelgruppe hergestellt hat, wieder einen entscheidenden Einfluss auf das Geschehen gehabt.<\/p>\n<p>\nDann war noch Zeit, an den Buden vorbeizuschlendern und den einen oder anderen Bekannten zu treffen. Diese Begegnungen funktionieren ja immer und sind eine gro\u00dfe Freude, egal wie und von wem das Fest nun organisiert wurde. Sicher war die neue Sparsamkeit an allen Ecken und Enden zu merken und es muss ein erklecklicher Gewinn heraus\u00adschau\u00aden, denn das ganze Kaspertheater hatte zum Beispiel nur ein wenig Arbeit und einen Gl\u00fchwein gekostet, den freundlicherweise wieder Frank Hecke von der Hecke gesponsort hatte.<\/p>\n<p>\nWenn alles legal zugegangen ist, wird es auch einen Veranstalter gegeben haben, aber um solche Details braucht man sich nicht zu k\u00fcmmern, wenn einen nur eines umtreibt: Wie wird das n\u00e4chste Kasperst\u00fcck aussehen?<\/p>\n<p>\n<em>Christian Rempel in Zeuthen, den 8.12.2016<\/em><\/p>\n","protected":false},"excerpt":{"rendered":"<p>Puppenspiel &nbsp; Nun ist es vier Tage her, dass ich das Puppenspiel auf die B\u00fchne gebracht hatte, zusammen mit der Leiterin des Jugend- und Seniorenclubs in Waltersdorf. Auf dem Programm war das St\u00fcck als Kasperletheater angek\u00fcndigt, wogegen sich der Kasper&#8230;<br \/><a class=\"read-more-button\" href=\"https:\/\/www.gedichtladen.de\/blog\/archive\/2492\">Mehr Lesen<\/a><\/p>\n","protected":false},"author":1,"featured_media":0,"comment_status":"open","ping_status":"open","sticky":false,"template":"","format":"standard","meta":{"footnotes":""},"categories":[12],"tags":[],"class_list":["post-2492","post","type-post","status-publish","format-standard","hentry","category-kolumne"],"_links":{"self":[{"href":"https:\/\/www.gedichtladen.de\/blog\/wp-json\/wp\/v2\/posts\/2492","targetHints":{"allow":["GET"]}}],"collection":[{"href":"https:\/\/www.gedichtladen.de\/blog\/wp-json\/wp\/v2\/posts"}],"about":[{"href":"https:\/\/www.gedichtladen.de\/blog\/wp-json\/wp\/v2\/types\/post"}],"author":[{"embeddable":true,"href":"https:\/\/www.gedichtladen.de\/blog\/wp-json\/wp\/v2\/users\/1"}],"replies":[{"embeddable":true,"href":"https:\/\/www.gedichtladen.de\/blog\/wp-json\/wp\/v2\/comments?post=2492"}],"version-history":[{"count":4,"href":"https:\/\/www.gedichtladen.de\/blog\/wp-json\/wp\/v2\/posts\/2492\/revisions"}],"predecessor-version":[{"id":2498,"href":"https:\/\/www.gedichtladen.de\/blog\/wp-json\/wp\/v2\/posts\/2492\/revisions\/2498"}],"wp:attachment":[{"href":"https:\/\/www.gedichtladen.de\/blog\/wp-json\/wp\/v2\/media?parent=2492"}],"wp:term":[{"taxonomy":"category","embeddable":true,"href":"https:\/\/www.gedichtladen.de\/blog\/wp-json\/wp\/v2\/categories?post=2492"},{"taxonomy":"post_tag","embeddable":true,"href":"https:\/\/www.gedichtladen.de\/blog\/wp-json\/wp\/v2\/tags?post=2492"}],"curies":[{"name":"wp","href":"https:\/\/api.w.org\/{rel}","templated":true}]}}