{"id":2488,"date":"2016-11-27T15:36:46","date_gmt":"2016-11-27T13:36:46","guid":{"rendered":"http:\/\/www.gedichtladen.de\/blog\/?p=2488"},"modified":"2023-12-08T22:59:47","modified_gmt":"2023-12-08T20:59:47","slug":"kolumne-kw-47-2016-von-der-gruendlichkeit","status":"publish","type":"post","link":"https:\/\/www.gedichtladen.de\/blog\/archive\/2488","title":{"rendered":"Kolumne KW 47 2016 &#8222;Von der Gr\u00fcndlichkeit&#8220;"},"content":{"rendered":"<p><strong>Von der Gr\u00fcndlichkeit<\/strong><\/p>\n<p>&nbsp;<\/p>\n<p>Was man heute in der Schule lernt und noch mehr im Leben, ist das selbstbewusste Auftreten, auch die Darlegung seiner Gedanken aus dem Stegreif. Wie wenig konnten wir uns noch zu Ostzeiten artikulieren, wie wenig war gefragt, dass sich ein Einzelner so recht in Szene setzt, geradezu verp\u00f6nt war das. Doch alles Gute, wie es eine rhetorische Gewandtheit zum Beispiel ist, hat auch seine Schattenseiten. Der Selbstdarstel\u00adler kommt schnell in die Lage sich zu \u00fcbersch\u00e4tzen, wenn das Resultat weniger z\u00e4hlt als die Darstellung desselben.<\/p>\n<p><!--more-->Immer wieder habe ich beobachten m\u00fcssen, dass keiner der jungen Leute noch in der Lage ist, ein didaktisches Schema zu entwerfen, geschweige denn eine technische Zeichnung oder das Layout einer etwas aufw\u00e4ndigeren Leiterplatte.<\/p>\n<p>\nD\u00fcnne Bleistifte mit geeigneten Minen, ein Rei\u00dfbrett oder auch nur ein Zirkel geh\u00f6ren der Vergangenheit an. Das \u00fcbernehmen Programme, die von Haus aus gerade Linien ziehen oder perfekte Kreise einzeichnen. Ein bisschen kann man sich also mit Recht verabschieden von den althergebrachten Mitteln, aber was man nicht im Kopf hat, bringen diese Programme auch nicht zustande. Oft kommt es bei technischen L\u00f6sungen darauf an, dass sie v\u00f6llig fehlerfrei sind, sonst funktioniert die ganze Sache nicht. Das erfordert dann manchmal erm\u00fcdende und immer wieder zu erneuernde Kontrollen, sonst macht man die ganze Sache zwei- oder dreimal und wertvolle Zeit und Material gehen verloren. Gerade wenn man dann noch andere einspannt, die von der Fehlerfreiheit der L\u00f6sung ausgehen und ihr M\u00f6glichstes tun, kann man selten ein zweites oder drittes Mal zu gleichem Engagement bewegen.<\/p>\n<p>\nWie kann man Gr\u00fcndlichkeit vermitteln und wie f\u00f6rdern? Das geht am besten in praktischen Projekten, die zum Schluss gehen m\u00fcssen.<\/p>\n<p>\n<em>Christian Rempel in Zeuthen, den 22.11.2016<\/em><\/p>\n","protected":false},"excerpt":{"rendered":"<p>Von der Gr\u00fcndlichkeit &nbsp; Was man heute in der Schule lernt und noch mehr im Leben, ist das selbstbewusste Auftreten, auch die Darlegung seiner Gedanken aus dem Stegreif. Wie wenig konnten wir uns noch zu Ostzeiten artikulieren, wie wenig war&#8230;<br \/><a class=\"read-more-button\" href=\"https:\/\/www.gedichtladen.de\/blog\/archive\/2488\">Mehr Lesen<\/a><\/p>\n","protected":false},"author":1,"featured_media":0,"comment_status":"open","ping_status":"open","sticky":false,"template":"","format":"standard","meta":{"footnotes":""},"categories":[12],"tags":[],"class_list":["post-2488","post","type-post","status-publish","format-standard","hentry","category-kolumne"],"_links":{"self":[{"href":"https:\/\/www.gedichtladen.de\/blog\/wp-json\/wp\/v2\/posts\/2488","targetHints":{"allow":["GET"]}}],"collection":[{"href":"https:\/\/www.gedichtladen.de\/blog\/wp-json\/wp\/v2\/posts"}],"about":[{"href":"https:\/\/www.gedichtladen.de\/blog\/wp-json\/wp\/v2\/types\/post"}],"author":[{"embeddable":true,"href":"https:\/\/www.gedichtladen.de\/blog\/wp-json\/wp\/v2\/users\/1"}],"replies":[{"embeddable":true,"href":"https:\/\/www.gedichtladen.de\/blog\/wp-json\/wp\/v2\/comments?post=2488"}],"version-history":[{"count":2,"href":"https:\/\/www.gedichtladen.de\/blog\/wp-json\/wp\/v2\/posts\/2488\/revisions"}],"predecessor-version":[{"id":2490,"href":"https:\/\/www.gedichtladen.de\/blog\/wp-json\/wp\/v2\/posts\/2488\/revisions\/2490"}],"wp:attachment":[{"href":"https:\/\/www.gedichtladen.de\/blog\/wp-json\/wp\/v2\/media?parent=2488"}],"wp:term":[{"taxonomy":"category","embeddable":true,"href":"https:\/\/www.gedichtladen.de\/blog\/wp-json\/wp\/v2\/categories?post=2488"},{"taxonomy":"post_tag","embeddable":true,"href":"https:\/\/www.gedichtladen.de\/blog\/wp-json\/wp\/v2\/tags?post=2488"}],"curies":[{"name":"wp","href":"https:\/\/api.w.org\/{rel}","templated":true}]}}