{"id":2484,"date":"2016-11-20T13:41:14","date_gmt":"2016-11-20T11:41:14","guid":{"rendered":"http:\/\/www.gedichtladen.de\/blog\/?p=2484"},"modified":"2023-12-08T22:59:47","modified_gmt":"2023-12-08T20:59:47","slug":"kolumne-kw-46-2016-trumpismus","status":"publish","type":"post","link":"https:\/\/www.gedichtladen.de\/blog\/archive\/2484","title":{"rendered":"Kolumne KW 46 2016 &#8222;Trumpismus&#8220;"},"content":{"rendered":"<p><strong>Trumpismus<\/strong><\/p>\n<p>&nbsp;<\/p>\n<p>Diesmal geht ein Gespenst um, nicht mehr nur in Europa, sondern in der m\u00e4chtigsten Nation der Welt. Doch wie der Kommunismus, der vor hundertf\u00fcnfzig Jahren in Europa umging und in Amerika nie richtig Fu\u00df fassen konnte, ist dieses Gespenst vielleicht gar nichts Schlechtes, auch wenn alle Intellektuellen und K\u00fcnstler aufst\u00f6hnen, die ihre Weimarer Republik behalten wollten, in deren Zustand sich fast die ganze Welt befand, mit ihren Nischen f\u00fcr die vergn\u00fcgliche Unterhaltung, ihrer Intellektualit\u00e4t, doch leider auch ihrem Niedergang in der Beziehung, die gesunder Menschenverstand f\u00fcr gegeben halten w\u00fcrde.<\/p>\n<p><!--more-->Dass es sich dabei um eine Bewegung handelt und nicht nur um eine Schlammschlacht, das wird man wohl unterschreiben m\u00fcssen, denn es handelte sich ja wohl um eine Mehrheitsentscheidung. Wie viel dahinter ist, im Fahnenmeer der Stars and Stripes, den auf der Stra\u00dfe h\u00fcpfenden Latinos, die es gar nicht so schlecht finden, wenn von ihnen nicht allzu viele illegal nachr\u00fccken, die es satt haben, dass behauptet wird, es g\u00e4be keine einfachen L\u00f6sungen mehr, auch wenn sie sich geradezu aufdr\u00e4ngen, das alles war thematisiert worden und die amerikanische Nation hat sich entschieden, in dieser Beziehung, dass man seine Sachen zu Hause erst einmal in Ordnung bringt, f\u00fcr diesen gesunden Menschenver\u00adstand zu votieren.<\/p>\n<p>\nSo m\u00e4chtig Amerika auch ist, handelt es sich doch nur um die Spitze des Eisbergs. Auch anderen d\u00e4mmert es schon, dass viele internationale Organisationen inzwischen \u00fcberaltert sind oder sich in b\u00fcrokratischen Spielchen verlieren. Dass Trump uns vorwirft, dass Europa alt geworden sei, wissen wir doch im Grunde selbst ganz gut, aber hatte es einer gewagt und das Gewicht besessen es h\u00f6rbar auszusprechen?<\/p>\n<p>\nDie internationalen Interessen befanden sich in einem Gleichgewicht, das irgendwann mal erlahmen musste, und jetzt ist es wieder denkbar, dass es zu noch gewaltt\u00e4tigeren Auseinandersetzungen kommt. Wir wollten hier in Ruhe auf die Rente hinarbeiten oder selbige verfr\u00fchst\u00fccken und dann gibt es so ein Erdbeben. Man m\u00f6chte meinen, dass das Leben wohl so ist. Wie sehr f\u00fcrchten wir es eigentlich schon, dieses Leben.<\/p>\n<p>\nWie sehr sind wir eigentlich schon provinziell?<\/p>\n<p>\n<em>Christian Rempel in Zeuthen, den 9.11.2016<\/em><\/p>\n","protected":false},"excerpt":{"rendered":"<p>Trumpismus &nbsp; Diesmal geht ein Gespenst um, nicht mehr nur in Europa, sondern in der m\u00e4chtigsten Nation der Welt. Doch wie der Kommunismus, der vor hundertf\u00fcnfzig Jahren in Europa umging und in Amerika nie richtig Fu\u00df fassen konnte, ist dieses&#8230;<br \/><a class=\"read-more-button\" href=\"https:\/\/www.gedichtladen.de\/blog\/archive\/2484\">Mehr Lesen<\/a><\/p>\n","protected":false},"author":1,"featured_media":0,"comment_status":"open","ping_status":"open","sticky":false,"template":"","format":"standard","meta":{"footnotes":""},"categories":[12],"tags":[],"class_list":["post-2484","post","type-post","status-publish","format-standard","hentry","category-kolumne"],"_links":{"self":[{"href":"https:\/\/www.gedichtladen.de\/blog\/wp-json\/wp\/v2\/posts\/2484","targetHints":{"allow":["GET"]}}],"collection":[{"href":"https:\/\/www.gedichtladen.de\/blog\/wp-json\/wp\/v2\/posts"}],"about":[{"href":"https:\/\/www.gedichtladen.de\/blog\/wp-json\/wp\/v2\/types\/post"}],"author":[{"embeddable":true,"href":"https:\/\/www.gedichtladen.de\/blog\/wp-json\/wp\/v2\/users\/1"}],"replies":[{"embeddable":true,"href":"https:\/\/www.gedichtladen.de\/blog\/wp-json\/wp\/v2\/comments?post=2484"}],"version-history":[{"count":2,"href":"https:\/\/www.gedichtladen.de\/blog\/wp-json\/wp\/v2\/posts\/2484\/revisions"}],"predecessor-version":[{"id":2486,"href":"https:\/\/www.gedichtladen.de\/blog\/wp-json\/wp\/v2\/posts\/2484\/revisions\/2486"}],"wp:attachment":[{"href":"https:\/\/www.gedichtladen.de\/blog\/wp-json\/wp\/v2\/media?parent=2484"}],"wp:term":[{"taxonomy":"category","embeddable":true,"href":"https:\/\/www.gedichtladen.de\/blog\/wp-json\/wp\/v2\/categories?post=2484"},{"taxonomy":"post_tag","embeddable":true,"href":"https:\/\/www.gedichtladen.de\/blog\/wp-json\/wp\/v2\/tags?post=2484"}],"curies":[{"name":"wp","href":"https:\/\/api.w.org\/{rel}","templated":true}]}}