{"id":2473,"date":"2016-10-30T16:29:18","date_gmt":"2016-10-30T14:29:18","guid":{"rendered":"http:\/\/www.gedichtladen.de\/blog\/?p=2473"},"modified":"2023-12-08T22:59:47","modified_gmt":"2023-12-08T20:59:47","slug":"fuer-frida-zum-zwanzigsten","status":"publish","type":"post","link":"https:\/\/www.gedichtladen.de\/blog\/archive\/2473","title":{"rendered":"F\u00fcr Frida zum Zwanzigsten"},"content":{"rendered":"<p><strong>F\u00fcr Frida zum Zwanzigsten<\/strong><\/p>\n<p>Ein M\u00e4dchen wuchs da auf im Schatten<br \/>\nzu einer Sch\u00f6nheit sondergleichen<br \/>\nund die, die sie gesehen hatten<br \/>\nkonnten ihr nicht `s Wasser reichen<\/p>\n<p>Sie wurde H\u00fcterin vom Gral<br \/>\nder von sechs Jungfraun gut bewacht<br \/>\nihr Lid, das zuckte nicht einmal<br \/>\nals sie den Kelch mit Blut gebracht<\/p>\n<p>Sprach sie zum alten Amfortas:<br \/>\n\u201eWas bist Du heute wieder blass?\u201c<br \/>\ndas war die Frage, der er harrte<\/p>\n<p>Von Parzival ward das vergessen<br \/>\nwar er nur auf den Gral versessen?<br \/>\nLehrst ihn von Deiner hohen Warte<\/p>\n<p><em>Christian Rempel zum 1.11.2016<\/em><\/p>\n","protected":false},"excerpt":{"rendered":"<p>F\u00fcr Frida zum Zwanzigsten Ein M\u00e4dchen wuchs da auf im Schatten zu einer Sch\u00f6nheit sondergleichen und die, die sie gesehen hatten konnten ihr nicht `s Wasser reichen Sie wurde H\u00fcterin vom Gral der von sechs Jungfraun gut bewacht ihr Lid,&#8230;<br \/><a class=\"read-more-button\" href=\"https:\/\/www.gedichtladen.de\/blog\/archive\/2473\">Mehr Lesen<\/a><\/p>\n","protected":false},"author":1,"featured_media":0,"comment_status":"open","ping_status":"open","sticky":false,"template":"","format":"standard","meta":{"footnotes":""},"categories":[15],"tags":[],"class_list":["post-2473","post","type-post","status-publish","format-standard","hentry","category-geburtstage"],"_links":{"self":[{"href":"https:\/\/www.gedichtladen.de\/blog\/wp-json\/wp\/v2\/posts\/2473","targetHints":{"allow":["GET"]}}],"collection":[{"href":"https:\/\/www.gedichtladen.de\/blog\/wp-json\/wp\/v2\/posts"}],"about":[{"href":"https:\/\/www.gedichtladen.de\/blog\/wp-json\/wp\/v2\/types\/post"}],"author":[{"embeddable":true,"href":"https:\/\/www.gedichtladen.de\/blog\/wp-json\/wp\/v2\/users\/1"}],"replies":[{"embeddable":true,"href":"https:\/\/www.gedichtladen.de\/blog\/wp-json\/wp\/v2\/comments?post=2473"}],"version-history":[{"count":2,"href":"https:\/\/www.gedichtladen.de\/blog\/wp-json\/wp\/v2\/posts\/2473\/revisions"}],"predecessor-version":[{"id":2475,"href":"https:\/\/www.gedichtladen.de\/blog\/wp-json\/wp\/v2\/posts\/2473\/revisions\/2475"}],"wp:attachment":[{"href":"https:\/\/www.gedichtladen.de\/blog\/wp-json\/wp\/v2\/media?parent=2473"}],"wp:term":[{"taxonomy":"category","embeddable":true,"href":"https:\/\/www.gedichtladen.de\/blog\/wp-json\/wp\/v2\/categories?post=2473"},{"taxonomy":"post_tag","embeddable":true,"href":"https:\/\/www.gedichtladen.de\/blog\/wp-json\/wp\/v2\/tags?post=2473"}],"curies":[{"name":"wp","href":"https:\/\/api.w.org\/{rel}","templated":true}]}}