{"id":2470,"date":"2016-10-30T16:27:44","date_gmt":"2016-10-30T14:27:44","guid":{"rendered":"http:\/\/www.gedichtladen.de\/blog\/?p=2470"},"modified":"2023-12-08T22:59:47","modified_gmt":"2023-12-08T20:59:47","slug":"kolumne-kw-43-2016-sonne","status":"publish","type":"post","link":"https:\/\/www.gedichtladen.de\/blog\/archive\/2470","title":{"rendered":"Kolumne KW 43 2016 &#8222;Sonne&#8220;"},"content":{"rendered":"<p><strong>Sonne<\/strong><\/p>\n<p>&nbsp;<\/p>\n<p>Die Sonne scheint und wir konnten heute eine Stunde l\u00e4nger schlafen. Daf\u00fcr ist nun zwar auch der Tag um eine Stunde k\u00fcrzer geworden, aber den gestrigen Abend konnte ich noch nutzen, um einer lieben Freundin einen etwas hypersensiblen Menschen nahe zu bringen, der der Sohn eines zu DDR Zeiten bekannten Schriftstellers ist und noch dazu mein Altersgenosse, denn er ist auch 1953 geboren.<\/p>\n<p><!--more-->Mit diesem Menschen m\u00f6chte sich nun meine geliebte Freundin besch\u00e4ftigen, wenn es ihr die Zeit erlaubt, denn es fallen ja gerade all\u00fcberall die Bl\u00e4tter herunter und sie war heute schon wieder t\u00e4tig und hat ihr G\u00e4rtchen davon befreit. Da fragt man sich, wenn solche Pressierlichkeiten vorlie\u00adgen, ob man sich da an den Computer setzen darf, die Tas\u00adtatur von der selten gewordenen Sonne beschienen, und der Mei\u00adnung sein darf, dass etwas Literarisches dieser einfachen und n\u00fctzlichen T\u00e4tigkeit ad\u00e4quat sein k\u00f6nnte.<\/p>\n<p>\nDazu dr\u00fccken noch andere Sorgen, wie es um das diesj\u00e4hrige Adventsfest der Waltersdorfer steht und auch das Herbstfeuer ist noch vorzubereiten. Bei diesen Dingen fiel auf, dass nicht einmal das letzte Fest, das Osterfeuer schon in Sack und T\u00fcten ist, denn dessen Unterlagen sind bis auf eine Datei in den Umzugswirren verschwunden.<\/p>\n<p>\nAllem, was ich tue, haftet der Makel des Pfuschs an, vielleicht ausgenommen die Geburtstags\u00adge\u00addichte, die nun echte Produkte sind, auf die man ein wenig stolz sein kann, aber in dieser Attit\u00fcde auch fast allein ist. Es freuen sich h\u00f6chstens die Beschenkten, aber so ein Gedicht, einmal gelesen, ist dann auch schnell durch und man will wieder zur Tagesordnung \u00fcbergehen. Auch ist es nicht mal sicher, ob einem \u00fcberhaupt dieses kleine Aufmerken durch den Rezipienten gelingt, denn wir k\u00f6nnen ja nicht mal wissen, ob einer oder eine bei unseren Texten, die wir hier einstellen, \u00fcberhaupt ein wenig aufmerkt. Wollte man das an den ausbleibenden Kommentaren messen, so w\u00e4re das eine tr\u00fcbe Bilanz. Man erf\u00e4hrt aber hier und dort, dass es doch gelesen wird und die Ursache f\u00fcr das Schweigen vielleicht eher darin besteht, dass man einfach nichts ad\u00e4quates dem gegen\u00fcberstellen kann. So verstehen wir uns zu schmeicheln.<\/p>\n<p>\n<em>Christian Rempel in Zeuthen, den 30.10.2016<\/em><\/p>\n","protected":false},"excerpt":{"rendered":"<p>Sonne &nbsp; Die Sonne scheint und wir konnten heute eine Stunde l\u00e4nger schlafen. Daf\u00fcr ist nun zwar auch der Tag um eine Stunde k\u00fcrzer geworden, aber den gestrigen Abend konnte ich noch nutzen, um einer lieben Freundin einen etwas hypersensiblen&#8230;<br \/><a class=\"read-more-button\" href=\"https:\/\/www.gedichtladen.de\/blog\/archive\/2470\">Mehr Lesen<\/a><\/p>\n","protected":false},"author":1,"featured_media":0,"comment_status":"open","ping_status":"open","sticky":false,"template":"","format":"standard","meta":{"footnotes":""},"categories":[12],"tags":[],"class_list":["post-2470","post","type-post","status-publish","format-standard","hentry","category-kolumne"],"_links":{"self":[{"href":"https:\/\/www.gedichtladen.de\/blog\/wp-json\/wp\/v2\/posts\/2470","targetHints":{"allow":["GET"]}}],"collection":[{"href":"https:\/\/www.gedichtladen.de\/blog\/wp-json\/wp\/v2\/posts"}],"about":[{"href":"https:\/\/www.gedichtladen.de\/blog\/wp-json\/wp\/v2\/types\/post"}],"author":[{"embeddable":true,"href":"https:\/\/www.gedichtladen.de\/blog\/wp-json\/wp\/v2\/users\/1"}],"replies":[{"embeddable":true,"href":"https:\/\/www.gedichtladen.de\/blog\/wp-json\/wp\/v2\/comments?post=2470"}],"version-history":[{"count":2,"href":"https:\/\/www.gedichtladen.de\/blog\/wp-json\/wp\/v2\/posts\/2470\/revisions"}],"predecessor-version":[{"id":2472,"href":"https:\/\/www.gedichtladen.de\/blog\/wp-json\/wp\/v2\/posts\/2470\/revisions\/2472"}],"wp:attachment":[{"href":"https:\/\/www.gedichtladen.de\/blog\/wp-json\/wp\/v2\/media?parent=2470"}],"wp:term":[{"taxonomy":"category","embeddable":true,"href":"https:\/\/www.gedichtladen.de\/blog\/wp-json\/wp\/v2\/categories?post=2470"},{"taxonomy":"post_tag","embeddable":true,"href":"https:\/\/www.gedichtladen.de\/blog\/wp-json\/wp\/v2\/tags?post=2470"}],"curies":[{"name":"wp","href":"https:\/\/api.w.org\/{rel}","templated":true}]}}