{"id":2451,"date":"2016-10-23T13:50:33","date_gmt":"2016-10-23T11:50:33","guid":{"rendered":"http:\/\/www.gedichtladen.de\/blog\/?p=2451"},"modified":"2023-12-08T22:59:47","modified_gmt":"2023-12-08T20:59:47","slug":"fuer-thomas","status":"publish","type":"post","link":"https:\/\/www.gedichtladen.de\/blog\/archive\/2451","title":{"rendered":"F\u00fcr Thomas"},"content":{"rendered":"<p><strong>F\u00fcr Thomas<\/strong><\/p>\n<p>Heut feiert hier die Wohnesst\u00e4tte<br \/>\nDeinen Geburtstag sondergleichen<br \/>\nDer Kuchen, da gilt jede Wette<br \/>\nwird bestimmt f\u00fcr alle reichen<\/p>\n<p>Ich bring Dir heut den Freundesgru\u00df<br \/>\naus Zeuthen komm ich hergefahren<br \/>\nweil man doch mal feiern muss<br \/>\nmit Deinen Mitbewohnerscharen<\/p>\n<p>Dein Handy wird grad repariert<br \/>\nwas leider ziemlich oft passiert<br \/>\nund wir wir m\u00fcssen selber kommen<\/p>\n<p>Ein Prosit mit `nem Schluck Kaffee<br \/>\nwenn\u2019s sein muss, tut es auch ein Tee<br \/>\nein Hoch auf Dich sei unbenommen<\/p>\n<p><em>Christian Rempel zum 23.10.2016<\/em><\/p>\n","protected":false},"excerpt":{"rendered":"<p>F\u00fcr Thomas Heut feiert hier die Wohnesst\u00e4tte Deinen Geburtstag sondergleichen Der Kuchen, da gilt jede Wette wird bestimmt f\u00fcr alle reichen Ich bring Dir heut den Freundesgru\u00df aus Zeuthen komm ich hergefahren weil man doch mal feiern muss mit Deinen&#8230;<br \/><a class=\"read-more-button\" href=\"https:\/\/www.gedichtladen.de\/blog\/archive\/2451\">Mehr Lesen<\/a><\/p>\n","protected":false},"author":1,"featured_media":0,"comment_status":"open","ping_status":"open","sticky":false,"template":"","format":"standard","meta":{"footnotes":""},"categories":[15],"tags":[],"class_list":["post-2451","post","type-post","status-publish","format-standard","hentry","category-geburtstage"],"_links":{"self":[{"href":"https:\/\/www.gedichtladen.de\/blog\/wp-json\/wp\/v2\/posts\/2451","targetHints":{"allow":["GET"]}}],"collection":[{"href":"https:\/\/www.gedichtladen.de\/blog\/wp-json\/wp\/v2\/posts"}],"about":[{"href":"https:\/\/www.gedichtladen.de\/blog\/wp-json\/wp\/v2\/types\/post"}],"author":[{"embeddable":true,"href":"https:\/\/www.gedichtladen.de\/blog\/wp-json\/wp\/v2\/users\/1"}],"replies":[{"embeddable":true,"href":"https:\/\/www.gedichtladen.de\/blog\/wp-json\/wp\/v2\/comments?post=2451"}],"version-history":[{"count":1,"href":"https:\/\/www.gedichtladen.de\/blog\/wp-json\/wp\/v2\/posts\/2451\/revisions"}],"predecessor-version":[{"id":2452,"href":"https:\/\/www.gedichtladen.de\/blog\/wp-json\/wp\/v2\/posts\/2451\/revisions\/2452"}],"wp:attachment":[{"href":"https:\/\/www.gedichtladen.de\/blog\/wp-json\/wp\/v2\/media?parent=2451"}],"wp:term":[{"taxonomy":"category","embeddable":true,"href":"https:\/\/www.gedichtladen.de\/blog\/wp-json\/wp\/v2\/categories?post=2451"},{"taxonomy":"post_tag","embeddable":true,"href":"https:\/\/www.gedichtladen.de\/blog\/wp-json\/wp\/v2\/tags?post=2451"}],"curies":[{"name":"wp","href":"https:\/\/api.w.org\/{rel}","templated":true}]}}