{"id":2299,"date":"2016-03-27T17:42:27","date_gmt":"2016-03-27T15:42:27","guid":{"rendered":"http:\/\/www.gedichtladen.de\/blog\/?p=2299"},"modified":"2023-12-08T22:59:48","modified_gmt":"2023-12-08T20:59:48","slug":"kolumne-kw-11-2016-osterfeuer","status":"publish","type":"post","link":"https:\/\/www.gedichtladen.de\/blog\/archive\/2299","title":{"rendered":"Kolumne KW 11\/ KW 12 2016 &#8222;Osterfeuer&#8220;"},"content":{"rendered":"<p><strong>Osterfeuer<\/strong><\/p>\n<p>&nbsp;<\/p>\n<p>Dieser Kult ist noch nicht dem Umweltbewusstsein bzw. \u2013fanatismus zum Opfer gefallen und so wird allerorten t\u00fcchtig gez\u00fcndelt und gekokelt. Wir hatten ja in den letzten Jahren kein richtiges Osterfeuer mehr, weil es im Vorfeld immer Beschwerden gegeben hatte, aber in diesem Jahr wollten es die Kameraden der Feuerwehr mal wieder probieren, weil es doch immer sch\u00f6ner ist, wenn man sich in der noch kalten Nacht zum Ostersonntag dann etwas w\u00e4rmen kann und es ja auch immer ein magischer Anblick ist, wenn die Flammen das Holz verzehren.<!--more--><\/p>\n<p>\nOstern ist ja ungew\u00f6hnlich fr\u00fch im Jahr, weil wir so ziemlich gleich nach dem Fr\u00fchlingsanfang einen Vollmond hatten, der ja dann das Osterfest immer einl\u00e4utet und von dem so schwer zu berechnen ist, wann es dann in einem Jahr so weit ist. Jedenfalls war der Ostersonnabend ein so sch\u00f6ner Tag, dass es viele dann auch am Nachmittag zum Osterfeuer gezogen hat und beim Basteln der Osterk\u00f6rbchen waren schon wieder \u00fcber vierzig Kinder dabei. Was sie in die K\u00f6rbchen legen konnten, mussten sie nat\u00fcrlich erst einmal selbst finden, denn die Gaben waren im Ortsteilpark versteckt.<\/p>\n<p>\nDa waren nat\u00fcrlich die Eltern dabei und die hatten auch entsprechend Hunger, sodass um sieben, wo es mit dem Feuer erst so richtig losging, schon mal die Bratw\u00fcrste alle und es musste f\u00fcr Nachschub gesorgt werden.<\/p>\n<p>\nDie Party nahm dann ihren Lauf und DJ Halli Gally sorgte wieder f\u00fcr gute Musik. Es wurden auch an die hundert Liter Bier konsumiert und auch die vielf\u00e4ltigen anderen Getr\u00e4nke fanden regen Zuspruch. Erst gegen eins hatte sich dann die Szene gelichtet und alle begaben sich nach Hause in dem guten Gef\u00fchl, einen sch\u00f6nen Abend verbracht zu haben.<\/p>\n<p>\nIch hatte den sch\u00f6nen Tag genutzt, um einige Sonnenmessungen vorzunehmen. Es zeigte sich erwartungsgem\u00e4\u00df, dass die Sonne um zw\u00f6lf (es war ja gestern noch Winterzeit) am st\u00e4rksten strahlt und ich wunderte mich erst einmal, dass die UV Messung hinter der Fensterscheibe fast den gleichen Wert ergab, obwohl ja das UV durch die Scheibe absorbiert werden sollte. Allerdings misst der Sensor nur das UVA, also um 350 nm, und das kommt durch eine normale Fensterscheibe noch durch. Nun muss noch ein entsprechender Filter beschafft werden, der den UV-Anteil blockt und das Sichtbare durchl\u00e4sst. Und tats\u00e4chlich gibt es einen solchen Filter. Also kann weiter geforscht und auch gefeiert werden.<\/p>\n<p>\n<em>Christian Rempel im Waltersdorfe, den 27.3.2016<\/em><\/p>\n","protected":false},"excerpt":{"rendered":"<p>Osterfeuer &nbsp; Dieser Kult ist noch nicht dem Umweltbewusstsein bzw. \u2013fanatismus zum Opfer gefallen und so wird allerorten t\u00fcchtig gez\u00fcndelt und gekokelt. Wir hatten ja in den letzten Jahren kein richtiges Osterfeuer mehr, weil es im Vorfeld immer Beschwerden gegeben&#8230;<br \/><a class=\"read-more-button\" href=\"https:\/\/www.gedichtladen.de\/blog\/archive\/2299\">Mehr Lesen<\/a><\/p>\n","protected":false},"author":1,"featured_media":0,"comment_status":"open","ping_status":"open","sticky":false,"template":"","format":"standard","meta":{"footnotes":""},"categories":[12],"tags":[],"class_list":["post-2299","post","type-post","status-publish","format-standard","hentry","category-kolumne"],"_links":{"self":[{"href":"https:\/\/www.gedichtladen.de\/blog\/wp-json\/wp\/v2\/posts\/2299","targetHints":{"allow":["GET"]}}],"collection":[{"href":"https:\/\/www.gedichtladen.de\/blog\/wp-json\/wp\/v2\/posts"}],"about":[{"href":"https:\/\/www.gedichtladen.de\/blog\/wp-json\/wp\/v2\/types\/post"}],"author":[{"embeddable":true,"href":"https:\/\/www.gedichtladen.de\/blog\/wp-json\/wp\/v2\/users\/1"}],"replies":[{"embeddable":true,"href":"https:\/\/www.gedichtladen.de\/blog\/wp-json\/wp\/v2\/comments?post=2299"}],"version-history":[{"count":4,"href":"https:\/\/www.gedichtladen.de\/blog\/wp-json\/wp\/v2\/posts\/2299\/revisions"}],"predecessor-version":[{"id":2308,"href":"https:\/\/www.gedichtladen.de\/blog\/wp-json\/wp\/v2\/posts\/2299\/revisions\/2308"}],"wp:attachment":[{"href":"https:\/\/www.gedichtladen.de\/blog\/wp-json\/wp\/v2\/media?parent=2299"}],"wp:term":[{"taxonomy":"category","embeddable":true,"href":"https:\/\/www.gedichtladen.de\/blog\/wp-json\/wp\/v2\/categories?post=2299"},{"taxonomy":"post_tag","embeddable":true,"href":"https:\/\/www.gedichtladen.de\/blog\/wp-json\/wp\/v2\/tags?post=2299"}],"curies":[{"name":"wp","href":"https:\/\/api.w.org\/{rel}","templated":true}]}}