{"id":2291,"date":"2016-03-09T08:54:33","date_gmt":"2016-03-09T06:54:33","guid":{"rendered":"http:\/\/www.gedichtladen.de\/blog\/?p=2291"},"modified":"2023-12-08T23:00:22","modified_gmt":"2023-12-08T21:00:22","slug":"kolumne-kw-09-2016-jugend-forscht","status":"publish","type":"post","link":"https:\/\/www.gedichtladen.de\/blog\/archive\/2291","title":{"rendered":"Kolumne KW 09 2016 &#8222;Jugend forscht&#8220;"},"content":{"rendered":"<p><strong>Jugend forscht<\/strong><\/p>\n<p>&nbsp;<\/p>\n<p>Am 3. M\u00e4rz war in Brandenburg der Ausscheid im Regionalwettbewerb Brandenburg West. Es hatten sich wieder ca. 40 Gruppen beteiligt und die gr\u00f6\u00dfte waren wieder die Biologen. War bisher die Physik das Stiefkind, so ist es jetzt die Arbeitswelt, in der nur zwei Projekte zu verzeichnen waren. Diese kamen noch zudem aus den gastgebenden Betrieben der ZF, einem Getriebewerk in Brandenburg und den Heidelberger Druckma\u00adschinen.<\/p>\n<p><!--more-->Was auf dem Gebiet der Technik angeboten wurde, war etwas d\u00fcrftig. Die Sch\u00fcler scheinen sich kaum Aufgaben zu stellen, die mechanisch oder elektronisch anspruchsvoll w\u00e4ren. Da wurde ein einfacher Zeitschalter mit vier Lampen gekoppelt und damit ein Abblendlicht symbolisiert, das man dann an einem richtigen Auto nach einer geeigneten Zeitspanne ausschalten m\u00f6chte, obwohl das die meisten Autos schon von selber k\u00f6nnen, dass sie das Licht abschalten, wenn die Z\u00fcndung ausgeschaltet ist.<\/p>\n<p>\nViel intelligenter war auch nicht die Rollstuhlbremse, die nach dem Umbau auf die Erfindung nicht mehr vom Insassen, sondern nur noch durch den den Rollstuhl Schiebenden bet\u00e4tigt werden kann. L\u00f6blich ist allerdings, dass die Lehrlinge sich so sozial engagieren und in einem Hilfswerk mitwirken, in dem es Rollstuhlfahrer gibt.<\/p>\n<p>\nTechnisch gesehen war unser Projekt des \u201eDigitalen Polychromators\u201c vielleicht sogar das Anspruchsvollste und es fand viel Interesse bei den Vertretern der \u00d6ffentlichkeit, die f\u00fcr zwei Stunden die Projekte in Augenschein nehmen konnten. Die Jury hatte allerdings kaum Fragen und beschr\u00e4nkte sich auf ein paar formale Aspekte. Das war aber nicht als Kritik an dem Projekt zu verstehen, sondern einfach der Tatsache geschuldet, dass es nicht so einfach zu verstehen ist.<\/p>\n<p>\nLeider konnten nur zwei der drei Projektteilnehmer die Veranstaltung wahrnehmen, aber die beiden waren dann auch richtig gl\u00fccklich.<\/p>\n<p>\nAm heutigen Frauentag ging noch der Wettbewerb in Wildau (Brandenburg Ost) \u00fcber die B\u00fchne und es war ein viel h\u00f6heres Niveau zu verzeichnen als in Brandenburg. In der Physik kamen noch drei weitere Projekte f\u00fcr den Landeswettbewerb dazu. Die EWE und die Technische Hochschule Wildau waren Gastgeber und man konnte sogar zum L\u00f6tkolben greifen und eine kleine Schaltung bauen. Es scheint sich also zu entwickeln, das Jugend forscht.<\/p>\n<p>\n<em>Christian Rempel im Waltersdorfe, den 8.3.2016<\/em><\/p>\n","protected":false},"excerpt":{"rendered":"<p>Jugend forscht &nbsp; Am 3. M\u00e4rz war in Brandenburg der Ausscheid im Regionalwettbewerb Brandenburg West. Es hatten sich wieder ca. 40 Gruppen beteiligt und die gr\u00f6\u00dfte waren wieder die Biologen. War bisher die Physik das Stiefkind, so ist es jetzt&#8230;<br \/><a class=\"read-more-button\" href=\"https:\/\/www.gedichtladen.de\/blog\/archive\/2291\">Mehr Lesen<\/a><\/p>\n","protected":false},"author":1,"featured_media":0,"comment_status":"open","ping_status":"open","sticky":false,"template":"","format":"standard","meta":{"footnotes":""},"categories":[12],"tags":[],"class_list":["post-2291","post","type-post","status-publish","format-standard","hentry","category-kolumne"],"_links":{"self":[{"href":"https:\/\/www.gedichtladen.de\/blog\/wp-json\/wp\/v2\/posts\/2291","targetHints":{"allow":["GET"]}}],"collection":[{"href":"https:\/\/www.gedichtladen.de\/blog\/wp-json\/wp\/v2\/posts"}],"about":[{"href":"https:\/\/www.gedichtladen.de\/blog\/wp-json\/wp\/v2\/types\/post"}],"author":[{"embeddable":true,"href":"https:\/\/www.gedichtladen.de\/blog\/wp-json\/wp\/v2\/users\/1"}],"replies":[{"embeddable":true,"href":"https:\/\/www.gedichtladen.de\/blog\/wp-json\/wp\/v2\/comments?post=2291"}],"version-history":[{"count":2,"href":"https:\/\/www.gedichtladen.de\/blog\/wp-json\/wp\/v2\/posts\/2291\/revisions"}],"predecessor-version":[{"id":2293,"href":"https:\/\/www.gedichtladen.de\/blog\/wp-json\/wp\/v2\/posts\/2291\/revisions\/2293"}],"wp:attachment":[{"href":"https:\/\/www.gedichtladen.de\/blog\/wp-json\/wp\/v2\/media?parent=2291"}],"wp:term":[{"taxonomy":"category","embeddable":true,"href":"https:\/\/www.gedichtladen.de\/blog\/wp-json\/wp\/v2\/categories?post=2291"},{"taxonomy":"post_tag","embeddable":true,"href":"https:\/\/www.gedichtladen.de\/blog\/wp-json\/wp\/v2\/tags?post=2291"}],"curies":[{"name":"wp","href":"https:\/\/api.w.org\/{rel}","templated":true}]}}