{"id":2283,"date":"2016-02-27T19:08:24","date_gmt":"2016-02-27T17:08:24","guid":{"rendered":"http:\/\/www.gedichtladen.de\/blog\/?p=2283"},"modified":"2023-12-08T23:00:22","modified_gmt":"2023-12-08T21:00:22","slug":"kolumne-kw-08-2016-noch-mal-unternehmerabend","status":"publish","type":"post","link":"https:\/\/www.gedichtladen.de\/blog\/archive\/2283","title":{"rendered":"Kolumne KW 08 2016 &#8222;Noch mal Unternehmerabend&#8220;"},"content":{"rendered":"<p><strong>Noch mal Unternehmerabend<\/strong><\/p>\n<p>&nbsp;<\/p>\n<p>Heute war der Sch\u00f6nefelder im Briefkasten und der langersehnte Beitrag \u00fcber unseren Unternehmera\u00adbend ist auch drin. Das wird vielleicht einige aus Waltersdorf wundern, denn der \u00fcbliche Redaktionsschluss ist ja immer schon so etwa der zehnte des Monats und der Unternehmerabend war ja erst am 12. Februar.<!--more--><br \/>\nIch hatte aber schon einen Artikel geschrieben, weil ja feststand, wie der Abend ablaufen w\u00fcrde. Dass einige dann in letzter Minute doch noch absagten, konnte ich damals nat\u00fcrlich nicht wissen, aber das eigentliche Problem lag ja schon klar zutage. Dass n\u00e4mlich das Festkomitee ein bisschen die Lust verloren hat und ich mich selbst auch nicht so recht in der Lage sehe, in dieser Beziehung der einzige Motor zu sein. Selbst meine Frau m\u00f6chte aufgrund der Querelen das Handtuch werfen.<\/p>\n<p>\nTrotzdem hatte der vorab geschriebene Artikel Bestand und die Redaktion hat dann nur folgerichtig die zeitlos gehaltene Form in die Vergangenheit transformiert und schon h\u00f6rt es sich wie ein Bericht an und der ist sogar in Farbe.<\/p>\n<p>\nNur unsere eingesprungenen Darstel\u00adler werden sich vielleicht ein bisschen gr\u00e4men, weil sie nun nicht auf dem Bild sind und wir es \u00fcberhaupt verab\u00ads\u00e4umt haben, noch mal ein Bild von der endg\u00fcltigen Truppe zu schie\u00dfen. Gerade f\u00fcr Thomas Klafft ist das scha\u00adde, weil er ja die Hauptrolle zu bew\u00e4ltigen hatte und das in kurzer Zeit auf die Beine bekam, zumal er ja auch schauspielerische Erfahrung hat. Der Hanfried hatte in der Vorstellung ja auch noch einen richtigen r\u00f6mi\u00adschen Helm und der Effendi und der Pater noch entsprechende Per\u00fccken.<\/p>\n<p>\nEs freut mich jedenfalls sehr, dass wir so viel Lob f\u00fcr unser Kulturpro\u00adgramm bekommen haben und wenn es uns noch gelingen sollte, bei Jugend forscht nicht gleich rauszufliegen, k\u00f6nnte man schon fast von einer Erfolgsstr\u00e4hne sprechen. Noch ist das aber nicht so weit und wir bangen immer noch, ob unsere gebastelte Technik durchhalten wird, wo doch so viele geholfen haben und die Schule auch ein ganzes St\u00fcck Geld in die Hand genommen hat, dass wir die Optik und Mechanik eben einiger\u00adma\u00dfen hinkriegen.<\/p>\n<p>\nJetzt muss ich den geneigten Leser bitten, vielleicht gleich zweifach die Daumen zu halten, dass sich unsere Mitstreiter besinnen, dass es mit der Tradition des Festes der Stille weitergehen kann und dass die hoffnungsfrohen Jugendlichen in Brandenburg erfolgreich sind.<\/p>\n<p>\n<em>Christian Rempel im Waltersdorfe, den 27.2.2016<\/em><\/p>\n","protected":false},"excerpt":{"rendered":"<p>Noch mal Unternehmerabend &nbsp; Heute war der Sch\u00f6nefelder im Briefkasten und der langersehnte Beitrag \u00fcber unseren Unternehmera\u00adbend ist auch drin. Das wird vielleicht einige aus Waltersdorf wundern, denn der \u00fcbliche Redaktionsschluss ist ja immer schon so etwa der zehnte des&#8230;<br \/><a class=\"read-more-button\" href=\"https:\/\/www.gedichtladen.de\/blog\/archive\/2283\">Mehr Lesen<\/a><\/p>\n","protected":false},"author":1,"featured_media":0,"comment_status":"open","ping_status":"open","sticky":false,"template":"","format":"standard","meta":{"footnotes":""},"categories":[12],"tags":[],"class_list":["post-2283","post","type-post","status-publish","format-standard","hentry","category-kolumne"],"_links":{"self":[{"href":"https:\/\/www.gedichtladen.de\/blog\/wp-json\/wp\/v2\/posts\/2283","targetHints":{"allow":["GET"]}}],"collection":[{"href":"https:\/\/www.gedichtladen.de\/blog\/wp-json\/wp\/v2\/posts"}],"about":[{"href":"https:\/\/www.gedichtladen.de\/blog\/wp-json\/wp\/v2\/types\/post"}],"author":[{"embeddable":true,"href":"https:\/\/www.gedichtladen.de\/blog\/wp-json\/wp\/v2\/users\/1"}],"replies":[{"embeddable":true,"href":"https:\/\/www.gedichtladen.de\/blog\/wp-json\/wp\/v2\/comments?post=2283"}],"version-history":[{"count":4,"href":"https:\/\/www.gedichtladen.de\/blog\/wp-json\/wp\/v2\/posts\/2283\/revisions"}],"predecessor-version":[{"id":2289,"href":"https:\/\/www.gedichtladen.de\/blog\/wp-json\/wp\/v2\/posts\/2283\/revisions\/2289"}],"wp:attachment":[{"href":"https:\/\/www.gedichtladen.de\/blog\/wp-json\/wp\/v2\/media?parent=2283"}],"wp:term":[{"taxonomy":"category","embeddable":true,"href":"https:\/\/www.gedichtladen.de\/blog\/wp-json\/wp\/v2\/categories?post=2283"},{"taxonomy":"post_tag","embeddable":true,"href":"https:\/\/www.gedichtladen.de\/blog\/wp-json\/wp\/v2\/tags?post=2283"}],"curies":[{"name":"wp","href":"https:\/\/api.w.org\/{rel}","templated":true}]}}