{"id":2273,"date":"2016-02-21T13:26:35","date_gmt":"2016-02-21T11:26:35","guid":{"rendered":"http:\/\/www.gedichtladen.de\/blog\/?p=2273"},"modified":"2023-12-08T23:00:22","modified_gmt":"2023-12-08T21:00:22","slug":"kolumne-kw-07-2016-jugend-forscht","status":"publish","type":"post","link":"https:\/\/www.gedichtladen.de\/blog\/archive\/2273","title":{"rendered":"Kolumne KW 07 2016 &#8222;Jugend forscht&#8220;"},"content":{"rendered":"<p><strong>Jugend forscht<\/strong><\/p>\n<p>&nbsp;<\/p>\n<p>Lang ist die Liste derer, denen das Team verpflichtet ist, das sich zum Ziel gestellt hat, das Funktionsprinzip eines Ger\u00e4tes zur Erzeugung von Farben (einem sog. Digitalen Polychromator) nachzuweisen und nun schl\u00e4gt auch noch die Grippewelle zu, so dass es einen der Forscher aufs Krankenlager geworfen hat.<\/p>\n<p><!--more-->Es soll nun also der kr\u00f6nende Abschluss von zwei Jahren Arbeit werden. Eigentlich hatten wir schon voriges Jahr damit antreten wollen, aber es scheiterte an der Lichtquelle. Man braucht n\u00e4mlich wei\u00dfes Licht einer ziemlich hohen Leistung, wenn dann am Ende etwas zu sehen sein soll. Das wurde erst durch einen Laser der Firma NKT m\u00f6glich, die uns freundlicherweise eine kleinere Ausf\u00fchrung leihweise zur Verf\u00fcgung stellte. Damit kann man sehr helle Spektren erhalten und wenn diese noch einmal \u00fcber das Gitter im r\u00fcckw\u00e4rtigen Strahlengang gesendet werden, ist immer noch etwas zu sehen, wenn man den Austrittsstrahl auf wei\u00dfes Papier projiziert.<\/p>\n<p>\nJetzt stehen noch einige Justage- und Eicharbeiten an und dann muss das Ganze, was noch ein bisschen mit Klebeknete zusammengehalten wird und einen Transport wohl nicht \u00fcberstehen w\u00fcrde, noch mechanisch ein bisschen solider gestaltet werden, wobei freundlicherweise wieder Holger L\u00f6de aus Bohnsdorf hilft, der uns schon eine kleine Baugruppe f\u00fcr die Laserhalterung auf Trapp gebracht hat.<\/p>\n<p>\nDann muss man noch etwas f\u00fcr die Dokumentation tun und es muss ein Poster gestaltet werden, das wahrscheinlich halb voll mit Danksagungen sein wird, denn es haben sehr viele Personen und Firmen mitgewirkt, um dieses Ger\u00e4t auf die Beine zu bekommen. Am Freitag hat uns dann noch ein Glask\u00fcnstler einen Spiegel abgeschliffen, der etwas zu gro\u00df geraten war, eine ziemlich fummelige Arbeit denn der Spiegel musste von anderthalb Quadratzentimeter auf etwa einen Quadratzentimeter verkleinert werden.<\/p>\n<p>\nAm 3. M\u00e4rz soll es dann mit dem Ger\u00e4t nach Brandenburg gehen und damit wird das erste digitale Ger\u00e4t zur Farbenerzeugung, ganz ohne bewegte Teile, dann zum ersten Mal in der \u00d6ffentlichkeit zu sehen sein.<\/p>\n<p>\nZwar handelt es sich erst mal um einen Funktionsnachweis, aber es ist technisch m\u00f6glich, das Ganze noch weiter auszubauen, weil es noch Laser gibt, die um einen Faktor 50 st\u00e4rker sind. Diese sind dann allerdings auch entsprechend teuer und sie sind so gefragt, dass  am Jahresende nicht ein System mehr zur Verf\u00fcgung stand.<\/p>\n<p>\nAn dieser Stelle noch mal ein Dankesch\u00f6n an alle, die daran mitgewirkt haben.<\/p>\n<p>\n<em>Christian Rempel im Waltersdorfe, den 21.2.2016<\/em><\/p>\n","protected":false},"excerpt":{"rendered":"<p>Jugend forscht &nbsp; Lang ist die Liste derer, denen das Team verpflichtet ist, das sich zum Ziel gestellt hat, das Funktionsprinzip eines Ger\u00e4tes zur Erzeugung von Farben (einem sog. Digitalen Polychromator) nachzuweisen und nun schl\u00e4gt auch noch die Grippewelle zu,&#8230;<br \/><a class=\"read-more-button\" href=\"https:\/\/www.gedichtladen.de\/blog\/archive\/2273\">Mehr Lesen<\/a><\/p>\n","protected":false},"author":1,"featured_media":0,"comment_status":"open","ping_status":"open","sticky":false,"template":"","format":"standard","meta":{"footnotes":""},"categories":[12],"tags":[],"class_list":["post-2273","post","type-post","status-publish","format-standard","hentry","category-kolumne"],"_links":{"self":[{"href":"https:\/\/www.gedichtladen.de\/blog\/wp-json\/wp\/v2\/posts\/2273","targetHints":{"allow":["GET"]}}],"collection":[{"href":"https:\/\/www.gedichtladen.de\/blog\/wp-json\/wp\/v2\/posts"}],"about":[{"href":"https:\/\/www.gedichtladen.de\/blog\/wp-json\/wp\/v2\/types\/post"}],"author":[{"embeddable":true,"href":"https:\/\/www.gedichtladen.de\/blog\/wp-json\/wp\/v2\/users\/1"}],"replies":[{"embeddable":true,"href":"https:\/\/www.gedichtladen.de\/blog\/wp-json\/wp\/v2\/comments?post=2273"}],"version-history":[{"count":2,"href":"https:\/\/www.gedichtladen.de\/blog\/wp-json\/wp\/v2\/posts\/2273\/revisions"}],"predecessor-version":[{"id":2276,"href":"https:\/\/www.gedichtladen.de\/blog\/wp-json\/wp\/v2\/posts\/2273\/revisions\/2276"}],"wp:attachment":[{"href":"https:\/\/www.gedichtladen.de\/blog\/wp-json\/wp\/v2\/media?parent=2273"}],"wp:term":[{"taxonomy":"category","embeddable":true,"href":"https:\/\/www.gedichtladen.de\/blog\/wp-json\/wp\/v2\/categories?post=2273"},{"taxonomy":"post_tag","embeddable":true,"href":"https:\/\/www.gedichtladen.de\/blog\/wp-json\/wp\/v2\/tags?post=2273"}],"curies":[{"name":"wp","href":"https:\/\/api.w.org\/{rel}","templated":true}]}}