{"id":2253,"date":"2016-01-31T21:30:17","date_gmt":"2016-01-31T19:30:17","guid":{"rendered":"http:\/\/www.gedichtladen.de\/blog\/?p=2253"},"modified":"2023-12-08T23:00:22","modified_gmt":"2023-12-08T21:00:22","slug":"kolumne-kw-04-2016-die-verlorene-schlacht","status":"publish","type":"post","link":"https:\/\/www.gedichtladen.de\/blog\/archive\/2253","title":{"rendered":"Kolumne KW 04 2016 &#8222;Die verlorene Schlacht&#8220;"},"content":{"rendered":"<p><strong>Die verlorene Schlacht<\/strong><\/p>\n<p>&nbsp;<\/p>\n<p>Was soll uns die Geschichte um Johann Friedrich den Gro\u00dfm\u00fctigen, genannt Hanfried, den man noch heute auf dem Jenaer Marktplatz bewundern kann? Er lebte im 16. Jahrhundert und war Anf\u00fchrer der Reformationstruppen, dem sog. Schmalkaldischen Bund.<\/p>\n<p>\nIn Sachsen hatte ja die Reformation ihren Ausgang genommen, aber der Kaiser war nat\u00fcrlich katholisch und bek\u00e4mpfte die Kurf\u00fcrsten, die sich auf Luthers Seite geschlagen hatten.<\/p>\n<p><!--more-->Dann kam es zu der Schlacht am M\u00fchlberg. Die Dresdener Sachsen hatten sich leider auf die Seite des Kaisers gestellt und f\u00fcr die Reformierten unter Hanfrieds F\u00fchrung bestand gar keine Chance. Hanfried wurde gefangen genommen und zum Tode verurteilt. Er verlor die Kurf\u00fcrstenw\u00fcrde und Teile seines Landes.<\/p>\n<p>\nDann wird die Strafe aber in eine f\u00fcnfj\u00e4hrige Haft umgewandelt und er kann 1552 nach Jena zur\u00fcckkehren. Diese Heimkunft wurde ein Triumphzug, man findet noch heute die Gedenksteine daf\u00fcr. Und er brachte den Plan mit, in Jena eine Universit\u00e4t zu gr\u00fcnden, die es heute noch gibt.<\/p>\n<p>\nErstes Bild: Hanfried kehrt auf der Horizontalen bei Jena mit dem Plan, eine Universit\u00e4t zu gr\u00fcnden, mit seinen Getreuen Pater Francesco und Hauptmann Knapp zur\u00fcck. Es soll keine juristische Fakult\u00e4t geben, weil er ja im \u00fcbertragenen Sinne mit dem Gott Juris im Krieg gestanden hatte. Den Lehrstuhl f\u00fcr Poetik will er mit Effendi besetzen, der abseits der Szene sitzt.<\/p>\n<p>\nZweites Bild: Im Olymp findet die sch\u00f6ne Justitia einen Brief der Aufst\u00e4ndischen, doch sie muss ihren Mann, eben diesen Juris, anklagen, dass er den Brief verz\u00f6gert hat.<\/p>\n<p>\nDrittes Bild: Die Professoren und der B\u00fcrgermeister unterhalten sich \u00fcber die geplante Ausrichtung der Universit\u00e4t. Hanfried wird von ihnen begr\u00fc\u00dft und sie breiten den Plan aus und singen ein Lied. Da kommt Justitia angeschwebt und zeichnet etwas in den Plan. Als sich die anderen dann dem Plan zuwenden, sehen sie, dass sich etwas ver\u00e4ndert hat. Doch was nur?<\/p>\n<p>\nDieses St\u00fcck soll lehren, was man aus einer verlorenen Situation machen kann, wenn man nicht aufgibt und Ideen hat. Es wird am 12.2.2016 noch einmal aufgef\u00fchrt.<\/p>\n<p><em>Christian Rempel im Waltersdorfe, den 30.1.2016<\/em><\/p>\n","protected":false},"excerpt":{"rendered":"<p>Die verlorene Schlacht &nbsp; Was soll uns die Geschichte um Johann Friedrich den Gro\u00dfm\u00fctigen, genannt Hanfried, den man noch heute auf dem Jenaer Marktplatz bewundern kann? Er lebte im 16. Jahrhundert und war Anf\u00fchrer der Reformationstruppen, dem sog. Schmalkaldischen Bund&#8230;.<br \/><a class=\"read-more-button\" href=\"https:\/\/www.gedichtladen.de\/blog\/archive\/2253\">Mehr Lesen<\/a><\/p>\n","protected":false},"author":1,"featured_media":0,"comment_status":"open","ping_status":"open","sticky":false,"template":"","format":"standard","meta":{"footnotes":""},"categories":[12],"tags":[],"class_list":["post-2253","post","type-post","status-publish","format-standard","hentry","category-kolumne"],"_links":{"self":[{"href":"https:\/\/www.gedichtladen.de\/blog\/wp-json\/wp\/v2\/posts\/2253","targetHints":{"allow":["GET"]}}],"collection":[{"href":"https:\/\/www.gedichtladen.de\/blog\/wp-json\/wp\/v2\/posts"}],"about":[{"href":"https:\/\/www.gedichtladen.de\/blog\/wp-json\/wp\/v2\/types\/post"}],"author":[{"embeddable":true,"href":"https:\/\/www.gedichtladen.de\/blog\/wp-json\/wp\/v2\/users\/1"}],"replies":[{"embeddable":true,"href":"https:\/\/www.gedichtladen.de\/blog\/wp-json\/wp\/v2\/comments?post=2253"}],"version-history":[{"count":2,"href":"https:\/\/www.gedichtladen.de\/blog\/wp-json\/wp\/v2\/posts\/2253\/revisions"}],"predecessor-version":[{"id":2257,"href":"https:\/\/www.gedichtladen.de\/blog\/wp-json\/wp\/v2\/posts\/2253\/revisions\/2257"}],"wp:attachment":[{"href":"https:\/\/www.gedichtladen.de\/blog\/wp-json\/wp\/v2\/media?parent=2253"}],"wp:term":[{"taxonomy":"category","embeddable":true,"href":"https:\/\/www.gedichtladen.de\/blog\/wp-json\/wp\/v2\/categories?post=2253"},{"taxonomy":"post_tag","embeddable":true,"href":"https:\/\/www.gedichtladen.de\/blog\/wp-json\/wp\/v2\/tags?post=2253"}],"curies":[{"name":"wp","href":"https:\/\/api.w.org\/{rel}","templated":true}]}}