{"id":2250,"date":"2016-01-24T21:27:19","date_gmt":"2016-01-24T19:27:19","guid":{"rendered":"http:\/\/www.gedichtladen.de\/blog\/?p=2250"},"modified":"2023-12-08T23:00:22","modified_gmt":"2023-12-08T21:00:22","slug":"kolumne-kw03-2016-vom-umgang-miteinander","status":"publish","type":"post","link":"https:\/\/www.gedichtladen.de\/blog\/archive\/2250","title":{"rendered":"Kolumne KW 03 2016 &#8222;Vom Umgang miteinander&#8220;"},"content":{"rendered":"<p><strong>Vom Umgang miteinander<\/strong><\/p>\n<p>&nbsp;<\/p>\n<p>Nachdem es nun fast nur noch Reibereien gibt zwischen mir als Veranstalter des Festes der Stille und dem Festkomitee, das einen gro\u00dfen Beitrag geleistet hat, aber wo jeder nur einen Bruchteil der Arbeit tut, die zu tun ist, vonseiten einiger nur noch die Haare in der Suppe gesucht werden, muss man sich wohl \u00fcberlegen, wie weiter zu verfahren ist.<\/p>\n<p><!--more-->Jeder hat sich wahrscheinlich schon eine Meinung gebildet und die kommt manchmal in Unmut und manchmal in Umgangsformen, die Zumutungen darstellen, zum Ausdruck. So will man mir jetzt schon vorschreiben, ob ich mir was notiere oder nicht. Als ich zum Beispiel das Fehlen einer Kasse notierte und dann ein Vorschlag gemacht wurde, wo man sie finden k\u00f6nnte, sollte ich veranlasst werden, diesen Begriff wieder zu streichen, obwohl das Problem ja noch offen ist.<\/p>\n<p>\nDass au\u00dfer von mir selbst im Festkomitee keine einzige selbstkritische \u00c4u\u00dferung f\u00e4llt, hat auch damit zu tun, dass ich keinen autorit\u00e4ren F\u00fchrungsstil pflege, wahrscheinlich sogar zu wenig schlagfertig oder humorvoll bin, um gegen die Masse negativer Meinungen anzustehen.<\/p>\n<p>\nAuf leiseste Kritik an anderen erfolgt dann gar keine Reaktion, selbst wenn man mal jemanden um eine b\u00fcndige Meinungs\u00e4u\u00dferung bittet.<\/p>\n<p>\nDie kleine Kritik an der Ausgestaltung des Kaffees wurde mit Schweigen quittiert. Eine andere Unmutsstim\u00admung, dass ich doch immer versuche eine angenehme Atmosph\u00e4re zu schaffen, indem ich eine Stunde lang Schnittchen schmiere, die wir doch ebenso gut einsparen k\u00f6nnten, kann sich auch nicht artikulieren.<\/p>\n<p>\nDass man solche Kleinigkeiten auf schriftlichen Wege abwickelt, ist vielleicht ungew\u00f6hnlich und es in der \u00d6ffentlichkeit des www zu tun, erst recht, aber es geht m.E. nicht um den optimalen F\u00fchrungsstil, denn ich bin weder ein Vorgesetzter, noch ist das Fest eine demokratische Instanz mit Mehrheitsentscheidungen, sondern eine private Veranstaltung meines Gedichtladens, die eben auf breite Zustimmung im Dorf st\u00f6\u00dft, und diesem f\u00fchle ich mich in erster Linie als Waltersdorfer verpflichtet.<\/p>\n<p>\nWas das Festkomitee betrifft, so sollte jeder mal \u00fcberlegen, wie er seinen eigenen Beitrag verbessern k\u00f6nnte und nicht alle Unzul\u00e4nglichkeiten versuchen auf mich abzuw\u00e4lzen. Und wenn alle keine Lust mehr haben, dann muss man es eben sein lassen.<\/p>\n<p>\n<em>Christian Rempel im Waltersdorfe, den 21.1.2016<\/em><\/p>\n","protected":false},"excerpt":{"rendered":"<p>Vom Umgang miteinander &nbsp; Nachdem es nun fast nur noch Reibereien gibt zwischen mir als Veranstalter des Festes der Stille und dem Festkomitee, das einen gro\u00dfen Beitrag geleistet hat, aber wo jeder nur einen Bruchteil der Arbeit tut, die zu&#8230;<br \/><a class=\"read-more-button\" href=\"https:\/\/www.gedichtladen.de\/blog\/archive\/2250\">Mehr Lesen<\/a><\/p>\n","protected":false},"author":1,"featured_media":0,"comment_status":"open","ping_status":"open","sticky":false,"template":"","format":"standard","meta":{"footnotes":""},"categories":[12],"tags":[],"class_list":["post-2250","post","type-post","status-publish","format-standard","hentry","category-kolumne"],"_links":{"self":[{"href":"https:\/\/www.gedichtladen.de\/blog\/wp-json\/wp\/v2\/posts\/2250","targetHints":{"allow":["GET"]}}],"collection":[{"href":"https:\/\/www.gedichtladen.de\/blog\/wp-json\/wp\/v2\/posts"}],"about":[{"href":"https:\/\/www.gedichtladen.de\/blog\/wp-json\/wp\/v2\/types\/post"}],"author":[{"embeddable":true,"href":"https:\/\/www.gedichtladen.de\/blog\/wp-json\/wp\/v2\/users\/1"}],"replies":[{"embeddable":true,"href":"https:\/\/www.gedichtladen.de\/blog\/wp-json\/wp\/v2\/comments?post=2250"}],"version-history":[{"count":3,"href":"https:\/\/www.gedichtladen.de\/blog\/wp-json\/wp\/v2\/posts\/2250\/revisions"}],"predecessor-version":[{"id":2256,"href":"https:\/\/www.gedichtladen.de\/blog\/wp-json\/wp\/v2\/posts\/2250\/revisions\/2256"}],"wp:attachment":[{"href":"https:\/\/www.gedichtladen.de\/blog\/wp-json\/wp\/v2\/media?parent=2250"}],"wp:term":[{"taxonomy":"category","embeddable":true,"href":"https:\/\/www.gedichtladen.de\/blog\/wp-json\/wp\/v2\/categories?post=2250"},{"taxonomy":"post_tag","embeddable":true,"href":"https:\/\/www.gedichtladen.de\/blog\/wp-json\/wp\/v2\/tags?post=2250"}],"curies":[{"name":"wp","href":"https:\/\/api.w.org\/{rel}","templated":true}]}}