{"id":2243,"date":"2016-01-22T21:53:01","date_gmt":"2016-01-22T19:53:01","guid":{"rendered":"http:\/\/www.gedichtladen.de\/blog\/?p=2243"},"modified":"2023-12-08T23:00:22","modified_gmt":"2023-12-08T21:00:22","slug":"kolumne-kw-25-2016-mein-kind-fds-soll-baden-gehen","status":"publish","type":"post","link":"https:\/\/www.gedichtladen.de\/blog\/archive\/2243","title":{"rendered":"Kolumne KW 2,5 2016 &#8222;Mein Kind FdS soll baden gehen&#8220;"},"content":{"rendered":"<p><strong>Mein Kind FdS soll baden gehen<\/strong><\/p>\n<p>&nbsp;<\/p>\n<p>Gestern betretene Stille, als es um den Unternehmerabend ging, keine Idee und kein Interesse. Dabei war es eine gemeinsam gefasste Idee, die Spon\u00adsoren und solche, die es werden k\u00f6nn\u00adten, mal zu einem Abend einzuladen. Da erst sollte das Theaterst\u00fcck statt\u00adfinden, bei dem nun leider ein paar Leute fehlen, aber wer m\u00f6chte da schon mitmachen.<\/p>\n<p><!--more-->Nach peinlichen Minuten noch kein Ruck, aber die Treuesten erkl\u00e4ren sich bereit, beim Schnittchenschmieren mitzuwirken. Wer gemeint ist, wird es selber wissen und im Voraus schon mal ein Dankesch\u00f6n.<\/p>\n<p>\nDann die Zahlen. Ich hatte immer die ganze Abrechnung pr\u00e4sentiert und in der Anfangszeit war gar kein Interesse vorhanden. Jetzt wird jeder Kassen\u00adbestand genauestens verglichen und die positiven und negativen Abwei\u00adchungen von den Erwartungs\u00adwerten hochgerechnet. F\u00fcr ein erkl\u00e4rterma\u00ad\u00dfen unkommer\u00adzielles Fest eine seltsa\u00adme Schwerpunktsetzung. Nat\u00fcrlich stim\u00admen die Zahlen und es ist ja auch notwendig, aber das pl\u00f6tzlich in den Vordergrund zu stellen, hatte schon die Atmosph\u00e4re des letzten Treffens vergiftet.<\/p>\n<p>\nDann folgte noch eine Meckerrunde und es gab aus der Sicht der Mitwirkenden wirklich einiges zu monieren. Eine ganze Liste haben wir nun, was man k\u00fcnftig, wenn es ein k\u00fcnftig gibt, besser machen sollte. Es liegt in der Natur dieser Dinge, dass die Fehler immer bei anderen lagen und man selbst alles bestens hinkriegte. Wie das eben m\u00f6glich war, bei all diesen Unzul\u00e4nglichkeiten.<\/p>\n<p>\nDann noch die Ideen, die nicht neu sind, aber irgendwie das Ziel haben sollen, mir die Verantwortung als Veranstalter aus der Hand zu nehmen. Verantwortung verteilen, das ist noch gut, wenn m\u00f6glich, eine eigene Inter\u00adnetseite, das ist unn\u00f6tig, denn jeder kann sich hier \u00fcber das Fest informieren, einen neuen Kalender mit demokratisch aufgefundenen Bildern, da haben wir nun die Erfahrung, wie sich so etwas verkauft.<\/p>\n<p>\nDas Kinder in die Welt Setzen war schon immer einfacher, als sie dann gro\u00dfzukriegen. Meins ist nun f\u00fcnf Jahre alt und soll nun adoptiert werden, von einer Truppe \u00fcber\u00adnommen, die sich wacker geschlagen hat, aber wahrscheinlich noch keine Vorstellung davon, was das alles mit sich bringt. Wenn wir uns mit dem f\u00fcnften Geburtstag vielleicht etwas \u00fcbernommen haben, hei\u00dft das aber noch lange nicht, dass ich das Kind nun besser fortgebe. Das sollte doch jedem einleuchten.<\/p>\n<p><em>Christian Rempel im Waltersdorfe, den 19.1.2016<\/em><\/p>\n","protected":false},"excerpt":{"rendered":"<p>Mein Kind FdS soll baden gehen &nbsp; Gestern betretene Stille, als es um den Unternehmerabend ging, keine Idee und kein Interesse. Dabei war es eine gemeinsam gefasste Idee, die Spon\u00adsoren und solche, die es werden k\u00f6nn\u00adten, mal zu einem Abend&#8230;<br \/><a class=\"read-more-button\" href=\"https:\/\/www.gedichtladen.de\/blog\/archive\/2243\">Mehr Lesen<\/a><\/p>\n","protected":false},"author":1,"featured_media":0,"comment_status":"open","ping_status":"open","sticky":false,"template":"","format":"standard","meta":{"footnotes":""},"categories":[12],"tags":[],"class_list":["post-2243","post","type-post","status-publish","format-standard","hentry","category-kolumne"],"_links":{"self":[{"href":"https:\/\/www.gedichtladen.de\/blog\/wp-json\/wp\/v2\/posts\/2243","targetHints":{"allow":["GET"]}}],"collection":[{"href":"https:\/\/www.gedichtladen.de\/blog\/wp-json\/wp\/v2\/posts"}],"about":[{"href":"https:\/\/www.gedichtladen.de\/blog\/wp-json\/wp\/v2\/types\/post"}],"author":[{"embeddable":true,"href":"https:\/\/www.gedichtladen.de\/blog\/wp-json\/wp\/v2\/users\/1"}],"replies":[{"embeddable":true,"href":"https:\/\/www.gedichtladen.de\/blog\/wp-json\/wp\/v2\/comments?post=2243"}],"version-history":[{"count":2,"href":"https:\/\/www.gedichtladen.de\/blog\/wp-json\/wp\/v2\/posts\/2243\/revisions"}],"predecessor-version":[{"id":2248,"href":"https:\/\/www.gedichtladen.de\/blog\/wp-json\/wp\/v2\/posts\/2243\/revisions\/2248"}],"wp:attachment":[{"href":"https:\/\/www.gedichtladen.de\/blog\/wp-json\/wp\/v2\/media?parent=2243"}],"wp:term":[{"taxonomy":"category","embeddable":true,"href":"https:\/\/www.gedichtladen.de\/blog\/wp-json\/wp\/v2\/categories?post=2243"},{"taxonomy":"post_tag","embeddable":true,"href":"https:\/\/www.gedichtladen.de\/blog\/wp-json\/wp\/v2\/tags?post=2243"}],"curies":[{"name":"wp","href":"https:\/\/api.w.org\/{rel}","templated":true}]}}