{"id":2235,"date":"2016-01-10T18:37:01","date_gmt":"2016-01-10T16:37:01","guid":{"rendered":"http:\/\/www.gedichtladen.de\/blog\/?p=2235"},"modified":"2023-12-08T23:00:22","modified_gmt":"2023-12-08T21:00:22","slug":"kolumne-kw-01-2016-leichte-schwere","status":"publish","type":"post","link":"https:\/\/www.gedichtladen.de\/blog\/archive\/2235","title":{"rendered":"Kolumne KW 01 2016 &#8222;Leichte Schwere&#8220;"},"content":{"rendered":"<p><strong>Leichte Schwere<\/strong><\/p>\n<p>&nbsp;<\/p>\n<p>Leicht sollte die Last wiegen, Feste zu organisieren, aber alles gelingt nicht so, wie es soll und es ist auch die Frage, ob der gew\u00fcnschte Effekt, dass es allen gut geht dabei, den G\u00e4sten und den Mitwirkenden, wirklich erreicht wird.<\/p>\n<p><!--more-->Umgeben von Menschen, die schon die Lust verloren haben, sich \u00fcberhaupt zu \u00e4u\u00dfern, die f\u00fcr nichts brennen und einen Tag nach dem anderen abwickeln, als best\u00fcnde die Aufgabe darin, die Tage einfach zu absolvieren, dass kann einen schon m\u00fcde machen, dass man am liebsten gar nicht mehr aufstehen w\u00fcrde, um wieder allein die Last des Motors zu tragen, im Laufrad zu stehen, das ja auch nicht die Sache eines Menschen sein kann.<\/p>\n<p>\nDas Menschsein schwindet schneller als das Alter zunimmt und da hilft es auch nichts, wenn man f\u00fcr sich noch kleine Werke schafft, ein Kaspertheaterst\u00fcck schreibt, sich dann in das Schicksal der doch so energiereichen Jeanne d\u2019Arc versenkt und dann noch ein St\u00fcck schreibt, was nat\u00fcrlich auch keiner auff\u00fchren wollen wird.<\/p>\n<p>\nJeder kann diese Festtagsagonie in Anspruch nehmen, aber die Erfahrung zeigt, dass diese immer weiter ausgedehnt wird, um dann m\u00f6glichst nahtlos in eine allgemeine Agonie \u00fcberzugehen, die dann das ganze Jahr anh\u00e4lt.<\/p>\n<p>\nDieser Mangel an Begeisterungsf\u00e4hig\u00adkeit, man wird seiner nicht mehr Herr, und wenn man nicht begabt ist, in den gleichen Trott zu verfallen, da bleibt einem nur die Hoffnung, dass man selbst bald aus ist und von diesen N\u00f6ten befreit.<\/p>\n<p>\nDem Schiller kann man nah sein, sein Einfallsreichtum hat etwas Kindliches und sein Pathos etwas br\u00fcderlich Erhebendes. Shaw h\u00e4tte sich mit seinen akademischen St\u00fccken vielleicht mit der eigenen Analyse begn\u00fcgen sollen, als sie unter die Leute zu bringen. Und der Brecht mit seiner \u201eHeiligen Johanna der Schlachth\u00f6fe\u201c ist nun eine Zumutung sondergleichen.<\/p>\n<p>\nDas sind sie also, die einen h\u00e4tten erheben sollen, wenn das schon das Umfeld nicht mehr vermag. H\u00e4tte es nicht Jean Anouilh gegeben, h\u00e4tte man meinen k\u00f6nnen, \u00fcber Jeanne d\u2019Arc m\u00fcsse erst ein gutes St\u00fcck verfasst werden. Wir haben es bei einem M\u00e4rchen bewenden lassen.<\/p>\n<p>\nWachen sie doch bitte bald auf und lesen oder schreiben Sie wieder.<\/p>\n<p>\n<em>Christian Rempel im Waltersdorfe, den 10.1.2016<\/em><\/p>\n","protected":false},"excerpt":{"rendered":"<p>Leichte Schwere &nbsp; Leicht sollte die Last wiegen, Feste zu organisieren, aber alles gelingt nicht so, wie es soll und es ist auch die Frage, ob der gew\u00fcnschte Effekt, dass es allen gut geht dabei, den G\u00e4sten und den Mitwirkenden,&#8230;<br \/><a class=\"read-more-button\" href=\"https:\/\/www.gedichtladen.de\/blog\/archive\/2235\">Mehr Lesen<\/a><\/p>\n","protected":false},"author":1,"featured_media":0,"comment_status":"open","ping_status":"open","sticky":false,"template":"","format":"standard","meta":{"footnotes":""},"categories":[12],"tags":[],"class_list":["post-2235","post","type-post","status-publish","format-standard","hentry","category-kolumne"],"_links":{"self":[{"href":"https:\/\/www.gedichtladen.de\/blog\/wp-json\/wp\/v2\/posts\/2235","targetHints":{"allow":["GET"]}}],"collection":[{"href":"https:\/\/www.gedichtladen.de\/blog\/wp-json\/wp\/v2\/posts"}],"about":[{"href":"https:\/\/www.gedichtladen.de\/blog\/wp-json\/wp\/v2\/types\/post"}],"author":[{"embeddable":true,"href":"https:\/\/www.gedichtladen.de\/blog\/wp-json\/wp\/v2\/users\/1"}],"replies":[{"embeddable":true,"href":"https:\/\/www.gedichtladen.de\/blog\/wp-json\/wp\/v2\/comments?post=2235"}],"version-history":[{"count":2,"href":"https:\/\/www.gedichtladen.de\/blog\/wp-json\/wp\/v2\/posts\/2235\/revisions"}],"predecessor-version":[{"id":2237,"href":"https:\/\/www.gedichtladen.de\/blog\/wp-json\/wp\/v2\/posts\/2235\/revisions\/2237"}],"wp:attachment":[{"href":"https:\/\/www.gedichtladen.de\/blog\/wp-json\/wp\/v2\/media?parent=2235"}],"wp:term":[{"taxonomy":"category","embeddable":true,"href":"https:\/\/www.gedichtladen.de\/blog\/wp-json\/wp\/v2\/categories?post=2235"},{"taxonomy":"post_tag","embeddable":true,"href":"https:\/\/www.gedichtladen.de\/blog\/wp-json\/wp\/v2\/tags?post=2235"}],"curies":[{"name":"wp","href":"https:\/\/api.w.org\/{rel}","templated":true}]}}