{"id":2210,"date":"2015-12-17T22:56:02","date_gmt":"2015-12-17T20:56:02","guid":{"rendered":"http:\/\/www.gedichtladen.de\/blog\/?p=2210"},"modified":"2023-12-08T23:00:22","modified_gmt":"2023-12-08T21:00:22","slug":"kolumne-kw50-besinnliches","status":"publish","type":"post","link":"https:\/\/www.gedichtladen.de\/blog\/archive\/2210","title":{"rendered":"Kolumne KW50 &#8222;Besinnliches&#8220;"},"content":{"rendered":"<p><strong>Besinnliches<\/strong><\/p>\n<p>&nbsp;<\/p>\n<p>Von einer Novemberdepression merken wir ja nichts mehr, weil doch das Fest der Stille so viel Einsatz erfordert, dass keine Zeit ist f\u00fcr eine missmutige Nabelschau. Nur die Weihnachtsvorbereitungen kommen ein bisschen zu kurz. W\u00e4hrend alle aus der Familie schon mit Eink\u00e4ufen besch\u00e4ftigt sind, m\u00fcssen wir noch die Nachsorge des Festes betreiben und ein bisschen Geld muss ja auch noch verdient werden, was bei einem Stundenlohn von drei Euro ein bisschen langwieriger sein kann.<\/p>\n<p><!--more-->Unser Unternehmerabend, den wir am 12.2.2016 durchf\u00fchren wollen, erfordert ja auch noch einige Vorbereitungen. Hoffentlich ist allen aus dem Festkomitee auch klar, dass da noch eine ganz sch\u00f6ne Arbeit auf uns zukommt. Ich hatte erst mal tagelang zu tun, die Adressen herauszusuchen bzw. zu recherchieren und dann die Einladungen auszudrucken und zu versenden. So sind wir jetzt auf 78 eingeladene Personen gekommen, die ja m\u00f6glicherweise noch mit einer Begleitperson erscheinen k\u00f6nnten. Nat\u00fcrlich werden nicht alle Eingeladenen kommen, aber mit 80 Personen rechnen wir schon. Sicher wird auch zur Attraktivit\u00e4t der Veranstaltung beitragen, dass der B\u00fcrgermeister Dr. Haase pers\u00f6nlich auftreten wird und sicher an diesem Abend auch noch f\u00fcr die eine oder andere Frage bereitsteht. Auch unser Kulturprogramm k\u00f6nnte magnetische Wirkung haben, wenn man sich darunter etwas Sehens- und H\u00f6renswertes vorstellen kann.<\/p>\n<p>In der Vorbereitung des Festes hatten wir es ja mit dem Kaufrausch zu tun. Wir mussten schon die Kasseneinnahmen absch\u00e4tzen, um zu sehen, ob unsere Ausgaben wieder hereinkommen w\u00fcrden, und das ging gl\u00fccklicherweise dann auch so auf, so dass wir zwar keine weiteren Reserven schaffen konnten, aber auch nicht von selbigen leben. Eine Besonderheit war ja, dass sich einige Sponsoren erst viel sp\u00e4ter entschlossen haben, etwas zu geben und die Sponsorleistungen auch hinter denen des Vorjahres zur\u00fcckblieben. Ein bisschen schlechteres Wetter und wir h\u00e4tten so ziemlich im Regen gestanden.<\/p>\n<p>\nJetzt ist erst mal die Zeit der Weihnachtsfeiern. Die Feuerwehr hatte ihre schon und heute trifft sich der Chor zu einem Weihnachtsessen. Auch meine Frau hat von ihrer Dienststelle heute Weihnachtsfeier. Was wird es da wohl zu erz\u00e4hlen geben \u00fcber den Ausklang des Jahres 2015 und welche Ausblicke gibt es auf 2016?<\/p>\n<p>Viele werden sich sagen, dass einiges geschafft ist und noch ebenso viel bevorsteht, und das k\u00f6nnte er ja sein, der Sinn unseres Daseins. Vielleicht werden wir in den f\u00fcnf Jahren, die es meinen Gedichtladen gibt, jetzt noch den 20000-sten Besucher auf unserer Homepage begr\u00fc\u00dfen k\u00f6nnen. Wir hoffen, Sie haben sich nicht gelangweilt und bleiben uns treu.<\/p>\n<p>\n<em>Christian Rempel im Waltersdorfe, den 17.12.2015<\/em><\/p>\n","protected":false},"excerpt":{"rendered":"<p>Besinnliches &nbsp; Von einer Novemberdepression merken wir ja nichts mehr, weil doch das Fest der Stille so viel Einsatz erfordert, dass keine Zeit ist f\u00fcr eine missmutige Nabelschau. Nur die Weihnachtsvorbereitungen kommen ein bisschen zu kurz. W\u00e4hrend alle aus der&#8230;<br \/><a class=\"read-more-button\" href=\"https:\/\/www.gedichtladen.de\/blog\/archive\/2210\">Mehr Lesen<\/a><\/p>\n","protected":false},"author":1,"featured_media":0,"comment_status":"open","ping_status":"open","sticky":false,"template":"","format":"standard","meta":{"footnotes":""},"categories":[12],"tags":[],"class_list":["post-2210","post","type-post","status-publish","format-standard","hentry","category-kolumne"],"_links":{"self":[{"href":"https:\/\/www.gedichtladen.de\/blog\/wp-json\/wp\/v2\/posts\/2210","targetHints":{"allow":["GET"]}}],"collection":[{"href":"https:\/\/www.gedichtladen.de\/blog\/wp-json\/wp\/v2\/posts"}],"about":[{"href":"https:\/\/www.gedichtladen.de\/blog\/wp-json\/wp\/v2\/types\/post"}],"author":[{"embeddable":true,"href":"https:\/\/www.gedichtladen.de\/blog\/wp-json\/wp\/v2\/users\/1"}],"replies":[{"embeddable":true,"href":"https:\/\/www.gedichtladen.de\/blog\/wp-json\/wp\/v2\/comments?post=2210"}],"version-history":[{"count":2,"href":"https:\/\/www.gedichtladen.de\/blog\/wp-json\/wp\/v2\/posts\/2210\/revisions"}],"predecessor-version":[{"id":2213,"href":"https:\/\/www.gedichtladen.de\/blog\/wp-json\/wp\/v2\/posts\/2210\/revisions\/2213"}],"wp:attachment":[{"href":"https:\/\/www.gedichtladen.de\/blog\/wp-json\/wp\/v2\/media?parent=2210"}],"wp:term":[{"taxonomy":"category","embeddable":true,"href":"https:\/\/www.gedichtladen.de\/blog\/wp-json\/wp\/v2\/categories?post=2210"},{"taxonomy":"post_tag","embeddable":true,"href":"https:\/\/www.gedichtladen.de\/blog\/wp-json\/wp\/v2\/tags?post=2210"}],"curies":[{"name":"wp","href":"https:\/\/api.w.org\/{rel}","templated":true}]}}