{"id":2205,"date":"2015-12-10T13:08:19","date_gmt":"2015-12-10T11:08:19","guid":{"rendered":"http:\/\/www.gedichtladen.de\/blog\/?p=2205"},"modified":"2023-12-08T23:00:22","modified_gmt":"2023-12-08T21:00:22","slug":"kolumne-kw49-wer-wagt-gewinnt","status":"publish","type":"post","link":"https:\/\/www.gedichtladen.de\/blog\/archive\/2205","title":{"rendered":"Kolumne KW49 &#8222;Wer wagt gewinnt&#8220;"},"content":{"rendered":"<p><strong>Wer wagt gewinnt<\/strong><\/p>\n<p>&nbsp;<\/p>\n<p>Jetzt, nach unserem sch\u00f6nen Fest der Stille in Waltersdorf, darf vielleicht verraten werden, dass wir ganz sch\u00f6n nerv\u00f6s geworden waren in unserem 16 k\u00f6pfigen Festkomitee, als wir die Ausgaben und Einnahmen hochrech\u00adneten. Jeder Posten wurde unter die Lupe genommen, obwohl wir doch als unkommerzielles Fest vor allem Freude auf die Festzeit verbreiten wollen. Trotzdem k\u00f6nnen wir uns nat\u00fcrlich keine Verluste leisten.<\/p>\n<p>\nUnser Hauptsponsor, der Flughafen BER, hatte p\u00fcnktlich seinen Beitrag geleistet, aber das ist ja nur ein Sechstel der ben\u00f6tigten Mittel. Dazu kam immer noch einmal der doppelte Betrag unserer anderen Sponsoren, die uns auch zum gr\u00f6\u00dften Teil die Treue hielten und es waren sogar der eine oder andere dazugekommen. Manche aber hielten sich unerkl\u00e4r\u00adlicher Weise zur\u00fcck und wir versuchten uns unseren Reim darauf zu machen. Waren das unsere Freunde vom Lichterfest, die inzwischen auch bei uns sammeln kommen? Ist es das, dass man vom Ortsteil Waltersdorf nicht mehr so viel erwartet und auf die Gro\u00dfgemeinde schielt? Ist es eine unerfreuliche Wirtschaftslage? Denkt man vielleicht, wir verdienen am Ende etwas mit dem Fest der Stille?<\/p>\n<p><!--more-->Da f\u00e4ngt man normalerweise an zu sparen, bis es bei uns so zugeht, wie auf den anderen M\u00e4rkten: Keine Kultur mehr, falsche th\u00fcringer Bratw\u00fcrste, Markt\u00adst\u00e4nde, auf denen teuer angeboten wird, was dann doch keiner will.<\/p>\n<p>\nEs war nicht gerade mehrheitsf\u00e4hig, als ich dann in Anbetracht einiger kleiner Reserven auf die Kultur setzte, so dass wir in diesem Jahr fast doppelt so viel f\u00fcr die Kultur ausgaben wie f\u00fcr Essen und Trinken, auf das sich doch meistens solche Feste immer mehr reduzieren. Das war dann schon die eine oder andere Pressenotiz wert oder einen Beitrag bei Antenne Brandenburg. Auch der Tombola sollte man nicht anmerken, dass einige H\u00e4user nicht mal einen Preis f\u00fcr 30 Euro stiften k\u00f6nnen, w\u00e4hrend andere gleich mit einem Drittel attraktiver Preise dabei sind. Also mussten wir auch hier investieren, weil wir die Liebhaber dieses kleinen Gl\u00fccks\u00adbringers nicht entt\u00e4uschen mochten und ihnen irgendwelchen Ramsch anbieten.<\/p>\n<p>\nDas ist nat\u00fcrlich alles keine reine Geldfrage, sondern viel l\u00e4sst sich auch durch entsprechenden Einsatz ausgleichen, was mit dem Ersingen von Tischdecken anf\u00e4ngt und die Marktst\u00e4nde vorm Sturm zu sch\u00fctzen aufh\u00f6rt. Auch das Girlandedrehen, Kuchenbacken, Dekorieren, St\u00e4nde\u00adbe\u00adtreu\u00aden, Babajaga\u00adhaus\u00admon\u00adtieren und hinterher wieder alles aufr\u00e4umen, das alles war zu leisten.<\/p>\n<p>\nDa ist es verst\u00e4ndlich, dass die meisten dann ein bisschen ersch\u00f6pft waren und die Kr\u00f6nung des Festes der Stille (es war ja auch \u201enur\u201c eine Geberalprobe unseres neuesten St\u00fccks \u201eDie verlorene Schlacht\u201c, die ein gro\u00dfer Erfolg war) noch gar nicht erleben konnten, aber das soll ja auch keine Eintagsfliege sein, sondern sich wie ein Taubenschwarm \u00fcber unser kleines Dorf erheben, der ja bekanntlich erst mal ein paar Runden zieht, um dann den Heimflug anzutreten. Und wie sch\u00f6n unsere Natur bei Waltersdorf sein kann, sieht man schon ein bisschen an dem Kalender, f\u00fcr den Holger L\u00f6de ein paar Impressionen eingefangen hat und sch\u00f6ne Verse von der Dichterin Christina Margret zu finden sind. Mit diesem und unseren kulturellen Ambitionen wollen wir ein bisschen daf\u00fcr werben, sich hier weiterhin heimisch zu f\u00fchlen, auch wenn unsere Gemeinde ein bisschen un\u00fcber\u00adschaubar geworden ist.<\/p>\n<p>\nUnd es hat sich gelohnt, wir haben uns weder verrechnet noch unser oder eines Sponsors Budget \u00fcber\u00adstrapaziert. Es ist schon eine Idee ent\u00adstanden, wie wir an einem Unternehmerabend unser kulturelles Niveau, das wir erreicht haben, auch vor unseren Geldgebern ins rechte Licht r\u00fccken und sie auch mal ein bisschen verw\u00f6hnen k\u00f6nnen, ohne dass es viel kosten muss.<\/p>\n<p>\nSo also unsere Pl\u00e4ne f\u00fcr 2016.<\/p>\n<p>\n<em>Christian Rempel im Waltersdorfe, den 8.12.2015<\/em><\/p>\n","protected":false},"excerpt":{"rendered":"<p>Wer wagt gewinnt &nbsp; Jetzt, nach unserem sch\u00f6nen Fest der Stille in Waltersdorf, darf vielleicht verraten werden, dass wir ganz sch\u00f6n nerv\u00f6s geworden waren in unserem 16 k\u00f6pfigen Festkomitee, als wir die Ausgaben und Einnahmen hochrech\u00adneten. Jeder Posten wurde unter&#8230;<br \/><a class=\"read-more-button\" href=\"https:\/\/www.gedichtladen.de\/blog\/archive\/2205\">Mehr Lesen<\/a><\/p>\n","protected":false},"author":1,"featured_media":0,"comment_status":"open","ping_status":"open","sticky":false,"template":"","format":"standard","meta":{"footnotes":""},"categories":[12],"tags":[],"class_list":["post-2205","post","type-post","status-publish","format-standard","hentry","category-kolumne"],"_links":{"self":[{"href":"https:\/\/www.gedichtladen.de\/blog\/wp-json\/wp\/v2\/posts\/2205","targetHints":{"allow":["GET"]}}],"collection":[{"href":"https:\/\/www.gedichtladen.de\/blog\/wp-json\/wp\/v2\/posts"}],"about":[{"href":"https:\/\/www.gedichtladen.de\/blog\/wp-json\/wp\/v2\/types\/post"}],"author":[{"embeddable":true,"href":"https:\/\/www.gedichtladen.de\/blog\/wp-json\/wp\/v2\/users\/1"}],"replies":[{"embeddable":true,"href":"https:\/\/www.gedichtladen.de\/blog\/wp-json\/wp\/v2\/comments?post=2205"}],"version-history":[{"count":2,"href":"https:\/\/www.gedichtladen.de\/blog\/wp-json\/wp\/v2\/posts\/2205\/revisions"}],"predecessor-version":[{"id":2212,"href":"https:\/\/www.gedichtladen.de\/blog\/wp-json\/wp\/v2\/posts\/2205\/revisions\/2212"}],"wp:attachment":[{"href":"https:\/\/www.gedichtladen.de\/blog\/wp-json\/wp\/v2\/media?parent=2205"}],"wp:term":[{"taxonomy":"category","embeddable":true,"href":"https:\/\/www.gedichtladen.de\/blog\/wp-json\/wp\/v2\/categories?post=2205"},{"taxonomy":"post_tag","embeddable":true,"href":"https:\/\/www.gedichtladen.de\/blog\/wp-json\/wp\/v2\/tags?post=2205"}],"curies":[{"name":"wp","href":"https:\/\/api.w.org\/{rel}","templated":true}]}}