{"id":2199,"date":"2015-11-29T12:52:46","date_gmt":"2015-11-29T10:52:46","guid":{"rendered":"http:\/\/www.gedichtladen.de\/blog\/?p=2199"},"modified":"2023-12-08T23:00:22","modified_gmt":"2023-12-08T21:00:22","slug":"kolumne-kw48-absolutes-chaos","status":"publish","type":"post","link":"https:\/\/www.gedichtladen.de\/blog\/archive\/2199","title":{"rendered":"Kolumne KW48 &#8222;absolutes Chaos&#8220;"},"content":{"rendered":"<p><strong>Absolutes Chaos<\/strong><\/p>\n<p>&nbsp;<\/p>\n<p>Da ist er nun schon da, der erste Advent und das hei\u00dft ja wohl auch, dass der zweite in genau einer Woche ist. Gerade geht noch die eine oder andere Sendung ein, die am Budget nagt und f\u00fcr manche schon erbrachte Leistungen gehen die entsprechenden Rechnungen ein. Bei uns zu Hause surrt die Stickmaschine und zaubert neue Motive auf Handt\u00fccher, die dann auch zum Verkauf stehen sollen. Die rosa Malve im Kalender ist violett geworden und bei den Theaterproben hapert es immer noch am Text und erst recht an der Betonung. Ob die Kulissen nun so sind, wie wir uns es vorgestellt haben, k\u00f6nnen wir nicht mehr aufl\u00f6sen. Die Tombolapreise werden durchgez\u00e4hlt und es fehlt immer noch der eine oder andere Preis.<\/p>\n<p>\nNur die Stollen ruhen im Treppenhaus und warten darauf gezuckert und verpackt zu werden. Sie scheinen nichts von der allgemeinen Hektik zu halten und am liebsten w\u00fcrde man sich dazulegen und ebenfalls ruhen, bis das Ereignis des Festes der Stille heran ist.<\/p>\n<p>\nAn Sponsormitteln ist nun doch noch einiges eingegangen, allerdings viel sp\u00e4ter als sonst \u00fcblich, so dass es bis vor wenigen Tagen ein R\u00e4tsel blieb, ob wir uns finanziell vergaloppiert haben oder ob die zu erwartenden Einnahmen die Kosten noch decken werden. Da gab es dann auch noch einige Diskussionen im Festkomitee, das sich zu seiner vorbereitenden Sitzung am Dienstag sich letztmalig vor dem Fest zusammenfand. Dabei soll es im kommenden Jahr nicht nur beim Fest der Stille allein bleiben, sondern es soll noch einen Unternehmertag geben, an dem wir noch einmal unsere kulturellen Angebote pr\u00e4sentieren wollen und auf die Entwicklung von einem gewissen Lokalpatriotismus bei den Unternehmen hoffen.<\/p>\n<p>\nAber das steht alles noch ein bisschen in den Sternen. Jetzt hei\u00dft es erst einmal, das naheliegende zu bew\u00e4ltigen und zwar so, dass die kleine Legende, die sich inzwischen um das Fest der Stille rankt, m\u00f6glichst neue Nahrung erh\u00e4lt.<\/p>\n<p>\n<em>Christian Rempel im Waltersdorfe, den 29.11.2015<\/em><\/p>\n","protected":false},"excerpt":{"rendered":"<p>Absolutes Chaos &nbsp; Da ist er nun schon da, der erste Advent und das hei\u00dft ja wohl auch, dass der zweite in genau einer Woche ist. Gerade geht noch die eine oder andere Sendung ein, die am Budget nagt und&#8230;<br \/><a class=\"read-more-button\" href=\"https:\/\/www.gedichtladen.de\/blog\/archive\/2199\">Mehr Lesen<\/a><\/p>\n","protected":false},"author":1,"featured_media":0,"comment_status":"open","ping_status":"open","sticky":false,"template":"","format":"standard","meta":{"footnotes":""},"categories":[12],"tags":[],"class_list":["post-2199","post","type-post","status-publish","format-standard","hentry","category-kolumne"],"_links":{"self":[{"href":"https:\/\/www.gedichtladen.de\/blog\/wp-json\/wp\/v2\/posts\/2199","targetHints":{"allow":["GET"]}}],"collection":[{"href":"https:\/\/www.gedichtladen.de\/blog\/wp-json\/wp\/v2\/posts"}],"about":[{"href":"https:\/\/www.gedichtladen.de\/blog\/wp-json\/wp\/v2\/types\/post"}],"author":[{"embeddable":true,"href":"https:\/\/www.gedichtladen.de\/blog\/wp-json\/wp\/v2\/users\/1"}],"replies":[{"embeddable":true,"href":"https:\/\/www.gedichtladen.de\/blog\/wp-json\/wp\/v2\/comments?post=2199"}],"version-history":[{"count":2,"href":"https:\/\/www.gedichtladen.de\/blog\/wp-json\/wp\/v2\/posts\/2199\/revisions"}],"predecessor-version":[{"id":2201,"href":"https:\/\/www.gedichtladen.de\/blog\/wp-json\/wp\/v2\/posts\/2199\/revisions\/2201"}],"wp:attachment":[{"href":"https:\/\/www.gedichtladen.de\/blog\/wp-json\/wp\/v2\/media?parent=2199"}],"wp:term":[{"taxonomy":"category","embeddable":true,"href":"https:\/\/www.gedichtladen.de\/blog\/wp-json\/wp\/v2\/categories?post=2199"},{"taxonomy":"post_tag","embeddable":true,"href":"https:\/\/www.gedichtladen.de\/blog\/wp-json\/wp\/v2\/tags?post=2199"}],"curies":[{"name":"wp","href":"https:\/\/api.w.org\/{rel}","templated":true}]}}