{"id":2183,"date":"2015-11-22T13:16:25","date_gmt":"2015-11-22T11:16:25","guid":{"rendered":"http:\/\/www.gedichtladen.de\/blog\/?p=2183"},"modified":"2023-12-08T23:00:22","modified_gmt":"2023-12-08T21:00:22","slug":"kolumne-kw47-wie-am-schuerchen","status":"publish","type":"post","link":"https:\/\/www.gedichtladen.de\/blog\/archive\/2183","title":{"rendered":"Kolumne KW47 &#8222;Wie am Sch\u00fcrchen&#8220;"},"content":{"rendered":"<p><strong>Wie am Schn\u00fcrchen<\/strong><\/p>\n<p>&nbsp;<\/p>\n<p>Haben wir uns das erste Mal mit der selbstkonstruierten Girlandenmaschi\u00adne noch fast sechs Stunden herumgeschlagen bis endlich die geforderten 50 m Girlande fertig waren, so haben wir heute eine Rekordzeit aufgestellt. In nur zwei Stunden und mit f\u00fcnf Helfern waren wir fertig. Das ist die Girlande f\u00fcr unser ehemaliges Rathaus, den Ponyparcour, der dieses Jahr etwas gr\u00f6\u00dfer ausfallen soll und an die 19 tannenbegr\u00fcnte Staketen, die als St\u00fctzen f\u00fcr die Absperrung dienen.<\/p>\n<p><!--more-->Die Plakate und das Banner hat wieder freundlicherweise die Feuer\u00adwehr angebracht, obwohl gestern dort Gro\u00dfreinemachen angesagt war. Das sind f\u00fcr uns ja alles keine Selbstverst\u00e4ndlichkeiten, wie es auch die Sponsorbeitr\u00e4ge nicht sind, wo sich erfreulicherweise wieder viele Firmen, Einkaufseinrichtungen und Arztpraxen gefunden haben, die etwas beitragen. Einerseits freuen wir uns \u00fcber das Geld und andererseits ist es manchmal sogar noch mit guten W\u00fcnschen f\u00fcr das Gelingen des Festes verbunden, so dass man sich gar nicht als ungebetener Bittsteller vorkommt, sondern wir das Gef\u00fchl haben, wirklich etwas f\u00fcr die gemeinsame Sache zu tun.<\/p>\n<p>\nDabei sind wir ja auf dem Wege, uns in ein reines Gewerbegebiet zu verwandeln und sollte auch die Kita noch wegfallen, ist unsere Basis etwas auf die Beine zu stellen, denkbar schlecht.<\/p>\n<p>\nSchon jetzt ist aber eine sp\u00fcrbare Belebung des Dorfgeschehens zu verzeichnen. Im JUSEC hat sich eine Bastelgruppe gebildet, die mit Leidenschaft nicht nur die Bastelst\u00e4nde vorbreitet, sondern auch wundersch\u00f6ne Puppen f\u00fcr das Kaspertheater gebaut hat. Am 9.11. hat sich auch noch eine Theatergruppe formiert, die jetzt mit bei den Vorbereitungen aktiv sind und die erste Probe ihres K\u00f6nnens dann am Rande des Festes abliefern wird. Das wird dann die Generalprobe f\u00fcr einen im Winter geplanten Unternehmertag, bei dem wir eine Br\u00fccke bauen wollen zwischen den selbst\u00e4ndig T\u00e4tigen und den Gewerbetreibenden.<\/p>\n<p>\nWir verm\u00f6gen nicht viel, denn unser Ortsteil ist klein, aber wir haben viele Aktive und in letzter Zeit scheint der Kreis sich noch zu vergr\u00f6\u00dfern. Au\u00dferdem haben wir im Vergleich mit den anderen Ortsteilen eben viel Gewerbe, so dass selbst die Sch\u00f6nefelder schon bei uns sammeln kommen. Letztlich ist das auch ein bisschen ein Wettbewerb, welche kulturellen Konzepte eben besser aufgehen. Das steht auch bei uns noch in den Sternen, aber redliche M\u00fche geben kann man sich ja.<\/p>\n<p>\n<em>Christian Rempel im Waltersdorfe, den 21.11.2015<\/em><\/p>\n","protected":false},"excerpt":{"rendered":"<p>Wie am Schn\u00fcrchen &nbsp; Haben wir uns das erste Mal mit der selbstkonstruierten Girlandenmaschi\u00adne noch fast sechs Stunden herumgeschlagen bis endlich die geforderten 50 m Girlande fertig waren, so haben wir heute eine Rekordzeit aufgestellt. In nur zwei Stunden und&#8230;<br \/><a class=\"read-more-button\" href=\"https:\/\/www.gedichtladen.de\/blog\/archive\/2183\">Mehr Lesen<\/a><\/p>\n","protected":false},"author":1,"featured_media":0,"comment_status":"open","ping_status":"open","sticky":false,"template":"","format":"standard","meta":{"footnotes":""},"categories":[12],"tags":[],"class_list":["post-2183","post","type-post","status-publish","format-standard","hentry","category-kolumne"],"_links":{"self":[{"href":"https:\/\/www.gedichtladen.de\/blog\/wp-json\/wp\/v2\/posts\/2183","targetHints":{"allow":["GET"]}}],"collection":[{"href":"https:\/\/www.gedichtladen.de\/blog\/wp-json\/wp\/v2\/posts"}],"about":[{"href":"https:\/\/www.gedichtladen.de\/blog\/wp-json\/wp\/v2\/types\/post"}],"author":[{"embeddable":true,"href":"https:\/\/www.gedichtladen.de\/blog\/wp-json\/wp\/v2\/users\/1"}],"replies":[{"embeddable":true,"href":"https:\/\/www.gedichtladen.de\/blog\/wp-json\/wp\/v2\/comments?post=2183"}],"version-history":[{"count":2,"href":"https:\/\/www.gedichtladen.de\/blog\/wp-json\/wp\/v2\/posts\/2183\/revisions"}],"predecessor-version":[{"id":2185,"href":"https:\/\/www.gedichtladen.de\/blog\/wp-json\/wp\/v2\/posts\/2183\/revisions\/2185"}],"wp:attachment":[{"href":"https:\/\/www.gedichtladen.de\/blog\/wp-json\/wp\/v2\/media?parent=2183"}],"wp:term":[{"taxonomy":"category","embeddable":true,"href":"https:\/\/www.gedichtladen.de\/blog\/wp-json\/wp\/v2\/categories?post=2183"},{"taxonomy":"post_tag","embeddable":true,"href":"https:\/\/www.gedichtladen.de\/blog\/wp-json\/wp\/v2\/tags?post=2183"}],"curies":[{"name":"wp","href":"https:\/\/api.w.org\/{rel}","templated":true}]}}