{"id":2153,"date":"2015-10-31T15:22:19","date_gmt":"2015-10-31T13:22:19","guid":{"rendered":"http:\/\/www.gedichtladen.de\/blog\/?p=2153"},"modified":"2023-12-08T23:00:22","modified_gmt":"2023-12-08T21:00:22","slug":"kolumne-kw44-heute-reformationstag-und-abends-halloween","status":"publish","type":"post","link":"https:\/\/www.gedichtladen.de\/blog\/archive\/2153","title":{"rendered":"Kolumne KW44 &#8222;Heute Reformationstag und abends Halloween&#8220;"},"content":{"rendered":"<p><strong>Heute Reformationstag und abends Halloween<\/strong><\/p>\n<p>&nbsp;<\/p>\n<p>Als wir im F\u00f6rderverein der Feuerwehr nach einem Termin f\u00fcr das Herbstfeuer gesucht haben, fiel unsere Wahl auf das letzte Wochenende der Herbstferien. Es sollte ja wieder ein Sonnabend sein, dass man dann seinen Rausch noch auf den Sonntag ausschlafen kann, und da haben wir gemerkt, dass ja auch der Samstag schon ein Feiertag ist hier in Brandenburg, n\u00e4mlich der Reformationstag, der 31. Oktober. Dass es dieser Tag ist, interessiert allerdings kaum noch einen von den jungen Leuten, denn sie feiern an diesem Tag Halloween, ziehen mit ihren Beuteln durch H\u00e4user und Grundst\u00fccke und fordern S\u00fc\u00dfigkeiten ein.<!--more-->Da dachten wir uns, wie es wohl w\u00e4re, wenn man da gar nicht zu Hause ist, sondern in der Feuerwache zu den Rhythmen von DJ HallyGally das Tanzbein schwingt. Da kann man dann den Kids mal etwas weniger g\u00f6nnen, aber sich daf\u00fcr eine Bratwurst, Bier oder Gl\u00fchwein. An unsere Kiddys ist trotzdem gedacht. Wenn sie dann n\u00e4mlich von ihrer Betteltour in ihren \u201ef\u00fcrchterlichen\u201c Verkleidungen, auf der Suche nach ihren Eltern, dann auch in der Feuerwache vorbeikommen, finden sie nicht nur selbige vor, nebst einer halloweenm\u00e4\u00dfigen Dekoration, son\u00addern k\u00f6nnen auch noch Stockbrot backen und Kleinigkeiten basteln. Vielleicht treten sie sogar gleich mal in die Jugendfeuerwehr ein, denn die braucht dringend Nachwuchs.<br \/>\nUnd von den Eltern? Das wichtigste ist uns, dass sich alle im Dorf wieder einmal sehen und sich nicht nur \u00fcber die Hofmauer unterhalten m\u00fcssen.<br \/>\nLeider ist der Sch\u00f6nefelder noch nicht eingetroffen und daher hier an dieser Stelle die Bitte, heute zahlreich zu erscheinen und mit den Kindern zusammen zu feiern, statt sie nur an der Wohnungst\u00fcr zu erwarten.<br \/>\nP\u00fcnktlich zum Reformationstag konnte auch ein Theaterst\u00fcck des mexikanischen Autors Fernando Alvera in deutscher \u00dcbertragung (Originalsprache Spanisch) an die Ortsver\u00adantwortliche der evangelischen Kirche im Text \u00fcbergeben werden. Sie wird also in den n\u00e4chsten Tagen entscheiden, ob dieses St\u00fcck um einen Reformator Johann Friedrich dem Gro\u00dfm\u00fctigen dem hohen Hause angemessen ist, denn die Auseinandersetzung wird k\u00fcnstlerisch so umgestaltet, dass sie nicht mit der katholischen Kirche gef\u00fchrt wurde, also letztendlich so etwas wie ein Bruderkrieg war, nicht etwa Glaube gegen Unglaube, sondern zwischen zwei Varianten des Christentums. Diese Auseinander\u00adset\u00adzung wird auf die r\u00f6mische G\u00f6t\u00adterwelt \u00fcbertragen. Mehr d\u00fcrfen wir noch nicht verraten, denn das St\u00fcck soll ja mit Spannung erwartet werden.<\/p>\n<p>\n<em>Christian Rempel im Waltersdorfe, den 31.10.2015<\/em><\/p>\n","protected":false},"excerpt":{"rendered":"<p>Heute Reformationstag und abends Halloween &nbsp; Als wir im F\u00f6rderverein der Feuerwehr nach einem Termin f\u00fcr das Herbstfeuer gesucht haben, fiel unsere Wahl auf das letzte Wochenende der Herbstferien. Es sollte ja wieder ein Sonnabend sein, dass man dann seinen&#8230;<br \/><a class=\"read-more-button\" href=\"https:\/\/www.gedichtladen.de\/blog\/archive\/2153\">Mehr Lesen<\/a><\/p>\n","protected":false},"author":1,"featured_media":0,"comment_status":"open","ping_status":"open","sticky":false,"template":"","format":"standard","meta":{"footnotes":""},"categories":[12],"tags":[],"class_list":["post-2153","post","type-post","status-publish","format-standard","hentry","category-kolumne"],"_links":{"self":[{"href":"https:\/\/www.gedichtladen.de\/blog\/wp-json\/wp\/v2\/posts\/2153","targetHints":{"allow":["GET"]}}],"collection":[{"href":"https:\/\/www.gedichtladen.de\/blog\/wp-json\/wp\/v2\/posts"}],"about":[{"href":"https:\/\/www.gedichtladen.de\/blog\/wp-json\/wp\/v2\/types\/post"}],"author":[{"embeddable":true,"href":"https:\/\/www.gedichtladen.de\/blog\/wp-json\/wp\/v2\/users\/1"}],"replies":[{"embeddable":true,"href":"https:\/\/www.gedichtladen.de\/blog\/wp-json\/wp\/v2\/comments?post=2153"}],"version-history":[{"count":4,"href":"https:\/\/www.gedichtladen.de\/blog\/wp-json\/wp\/v2\/posts\/2153\/revisions"}],"predecessor-version":[{"id":2162,"href":"https:\/\/www.gedichtladen.de\/blog\/wp-json\/wp\/v2\/posts\/2153\/revisions\/2162"}],"wp:attachment":[{"href":"https:\/\/www.gedichtladen.de\/blog\/wp-json\/wp\/v2\/media?parent=2153"}],"wp:term":[{"taxonomy":"category","embeddable":true,"href":"https:\/\/www.gedichtladen.de\/blog\/wp-json\/wp\/v2\/categories?post=2153"},{"taxonomy":"post_tag","embeddable":true,"href":"https:\/\/www.gedichtladen.de\/blog\/wp-json\/wp\/v2\/tags?post=2153"}],"curies":[{"name":"wp","href":"https:\/\/api.w.org\/{rel}","templated":true}]}}