{"id":2136,"date":"2015-10-25T14:34:46","date_gmt":"2015-10-25T12:34:46","guid":{"rendered":"http:\/\/www.gedichtladen.de\/blog\/?p=2136"},"modified":"2023-12-08T23:00:22","modified_gmt":"2023-12-08T21:00:22","slug":"kolumne-kw43-feste-feiern","status":"publish","type":"post","link":"https:\/\/www.gedichtladen.de\/blog\/archive\/2136","title":{"rendered":"Kolumne KW43 &#8222;Feste feiern&#8220;"},"content":{"rendered":"<p><strong>Feste feiern<\/strong><\/p>\n<p>&nbsp;<\/p>\n<p>Heute sind es ja nur noch zwei Monate bis Weihnachten. Diese Zeit davor, die f\u00fcr manche die November-Depri-Phase ist, ist bei uns immer sehr abwechslungsreich. Es werden Massen eingekauft, aber es sind keine Geschenke f\u00fcr uns untereinander, sondern wir kaufen f\u00fcr die Waltersdorfer ein.<\/p>\n<p>\nLeider sind die Firmen noch nicht so in Geberlaune und oft reicht ein Besuch nicht, sondern es muss schon ein zweiter oder dritter sein, bevor sich dann die Gelds\u00e4ckel \u00f6ffnen und die F\u00fcllh\u00f6rner ausgesch\u00fcttet werden.<\/p>\n<p><!--more--><br \/>\nAm 31. Oktober ist erst einmal die Feuerwehr am Zuge und feiert einen z\u00fcnftigen Hexentanz, nat\u00fcrlich nicht anl\u00e4sslich des Reformationstages, son\u00addern dem aus Amerika her\u00fcber\u00adge\u00adschwappten Halloween. Der F\u00f6rderverein legt sich trotz knapper Mittel wieder m\u00e4chtig ins Zeug und wird zusammen mit den Kameraden die Feuerwache in ein Gruselkabinett verwandeln. Da werden dann freilich einige nicht zu Hause sein, wenn wieder \u201eGib uns S\u00fc\u00dfes, sonst gibt\u2019s Saures\u201c gegreint wird. Den Rauchempfindlichen wird auch wieder Rechnung getragen und nur kleine Feuerchen entz\u00fcndet, wie sie auch jeder Privatmann anfachen kann.<\/p>\n<p>\nDann geht es an die letzten Vorbereitungen zum Fest der Stille, das ja dann auch schon am zweiten Advent stattfinden soll. Die Stollenb\u00e4ckerei k\u00f6nnte schon beginnen, wenn der Kollege Oettger nur endlich die Formen liefern w\u00fcrde. Die Proben f\u00fcr das Kasperst\u00fcck k\u00f6nnten anfangen, wenn nur die Puppen fertig w\u00e4ren. Die Proben zu \u201eWeihnachten in Bewegung\u201c der Kinder k\u00f6nnten starten, wenn die Musik st\u00fcnde. Ja wenn, wenn, wenn \u2026<\/p>\n<p>\nAber bis dahin sind ja noch sechs Wochen Zeit und unsere Internetseite wird auch bald ganz anders aussehen, wenn, ja, wenn wir sie neu gestaltet haben. Immerhin liegen die Proben f\u00fcr unser Schauspiel schon fest und eine wichtige Requisite wird vielleicht schon am Montag besorgt. Da brauchen wir eigentlich nur noch ein bisschen zu proben und m\u00fcssen noch einiges organisieren und dann k\u00f6nnte schon gelingen, dass es nicht nur ein Kinderfest wird, sondern auch die Erwachsenen ihr Pl\u00e4sier haben.<\/p>\n<p>\nF\u00fcr alle, die noch z\u00f6gern und zweifeln, hier noch mal die Versicherung, dass aller Voraussicht nach alles gut wird, und letztlich liegt es an uns selbst.<\/p>\n<p>\n<em>Christian Rempel im Waltersdorfe, den 24.10.2015<\/em><\/p>\n","protected":false},"excerpt":{"rendered":"<p>Feste feiern &nbsp; Heute sind es ja nur noch zwei Monate bis Weihnachten. Diese Zeit davor, die f\u00fcr manche die November-Depri-Phase ist, ist bei uns immer sehr abwechslungsreich. Es werden Massen eingekauft, aber es sind keine Geschenke f\u00fcr uns untereinander,&#8230;<br \/><a class=\"read-more-button\" href=\"https:\/\/www.gedichtladen.de\/blog\/archive\/2136\">Mehr Lesen<\/a><\/p>\n","protected":false},"author":1,"featured_media":0,"comment_status":"open","ping_status":"open","sticky":false,"template":"","format":"standard","meta":{"footnotes":""},"categories":[12],"tags":[],"class_list":["post-2136","post","type-post","status-publish","format-standard","hentry","category-kolumne"],"_links":{"self":[{"href":"https:\/\/www.gedichtladen.de\/blog\/wp-json\/wp\/v2\/posts\/2136","targetHints":{"allow":["GET"]}}],"collection":[{"href":"https:\/\/www.gedichtladen.de\/blog\/wp-json\/wp\/v2\/posts"}],"about":[{"href":"https:\/\/www.gedichtladen.de\/blog\/wp-json\/wp\/v2\/types\/post"}],"author":[{"embeddable":true,"href":"https:\/\/www.gedichtladen.de\/blog\/wp-json\/wp\/v2\/users\/1"}],"replies":[{"embeddable":true,"href":"https:\/\/www.gedichtladen.de\/blog\/wp-json\/wp\/v2\/comments?post=2136"}],"version-history":[{"count":2,"href":"https:\/\/www.gedichtladen.de\/blog\/wp-json\/wp\/v2\/posts\/2136\/revisions"}],"predecessor-version":[{"id":2138,"href":"https:\/\/www.gedichtladen.de\/blog\/wp-json\/wp\/v2\/posts\/2136\/revisions\/2138"}],"wp:attachment":[{"href":"https:\/\/www.gedichtladen.de\/blog\/wp-json\/wp\/v2\/media?parent=2136"}],"wp:term":[{"taxonomy":"category","embeddable":true,"href":"https:\/\/www.gedichtladen.de\/blog\/wp-json\/wp\/v2\/categories?post=2136"},{"taxonomy":"post_tag","embeddable":true,"href":"https:\/\/www.gedichtladen.de\/blog\/wp-json\/wp\/v2\/tags?post=2136"}],"curies":[{"name":"wp","href":"https:\/\/api.w.org\/{rel}","templated":true}]}}