{"id":2131,"date":"2015-10-18T13:26:12","date_gmt":"2015-10-18T11:26:12","guid":{"rendered":"http:\/\/www.gedichtladen.de\/blog\/?p=2131"},"modified":"2023-12-08T23:00:23","modified_gmt":"2023-12-08T21:00:23","slug":"kolumne-kw42-glueck-im-unglueck","status":"publish","type":"post","link":"https:\/\/www.gedichtladen.de\/blog\/archive\/2131","title":{"rendered":"Kolumne KW42 &#8222;Gl\u00fcck im Ungl\u00fcck?&#8220;"},"content":{"rendered":"<p><strong>Gl\u00fcck im Ungl\u00fcck?<\/strong><\/p>\n<p>&nbsp;<\/p>\n<p>Da beginnen nun also die weiteren Vorbereitungen des Festes der Stille am zweiten Advent. Jetzt sind wieder die Sponsoren gefragt, d.h. erst einmal diejenigen, die sich an m\u00f6gliche Sponsoren wenden. Der BER hat ja wieder den Grundstock gelegt und auch der Ortsbeirat hat zugesagt, dass er wieder etwas beisteuert.<\/p>\n<p><!--more-->Da gibt es Firmen, bei denen es fast schon eine gute Routine ist, dass sie etwas beisteuern, und dahin ist der Weg leicht und unbeschwert. Fast muss man sich z\u00fcgeln, es auch bei den gutwilligsten Unterst\u00fctzern eben nicht als Selbstverst\u00e4ndlichkeit zu nehmen. Dann gibt es die schweren Wege, wo man wie ein Bettelm\u00f6nch abgewiesen wird und man die Zumutung seiner Bitte so recht zu sp\u00fcren bekommt.<\/p>\n<p>\nSo ein Fall war eine bekannte B\u00fch\u00adnen\u00adbaufirma am Ort, wo mal unser privates Finanzierungsmodell negativ aufgesto\u00dfen war. Daraufhin war dann f\u00fcr einige Jahre Funkstille. Aber es lohnt sich immer wieder, noch einmal nachzufragen, und das geschah dann per email. Auch das ist ja kein sicheres Mittel, eine Antwort zu erhoffen, aber sie kam, und das l\u00e4sst nun unsere B\u00e4ume in den Himmel wachsen.<\/p>\n<p>\nEin weiterer R\u00fcckschlag der letzten Wochen hatte ja darin bestanden, dass ein kleines Schauspiel, das ich geschrieben hatte, auf Ablehnung gesto\u00dfen war. Es ist eigentlich nicht sehr aufw\u00e4ndig, wenn man mal von den Kost\u00fcmen absieht, aber eine Kulisse m\u00fcsste schon sein. Und genau so etwas hat uns diese Firma als Beitrag f\u00fcrs Fest angeboten. W\u00e4re dieses Hindernis, das doch viel mehr wert ist, als eine kleine Geldspende, aus dem Wege ger\u00e4umt, w\u00fcrde es nur noch darum gehen, die zehn Schauspieler zu finden, die das St\u00fcck ben\u00f6tigt, das \u00fcbrigens bei Jena spielt und witziger Weise gerade mit dem einen F\u00fcrsten zu tun hat, der als junger Mann bei Thomas M\u00fcntzer im Jahre 1524 die ber\u00fchmte F\u00fcrsten\u00adpredigt geh\u00f6rt hat.<\/p>\n<p>\nMan kann sich nat\u00fcrlich fragen, warum man so ein St\u00fcck nicht auch in unsern preu\u00dfischen Landen ansiedeln kann, aber man muss wohl sagen, dass bei uns nicht nur der Boden karg ist, sondern es auch ein bisschen an Geschichte mangelt, gerade wenn man an die Reformation denkt, die ja bei uns nicht gerade von unten kam, sondern verordnet wurde.<\/p>\n<p>\nAber was sich da unten, s\u00fcdlich und an der Elbe, vor f\u00fcnfhundert Jahren abge\u00adspielt hat, hatte gro\u00dfe Auswirkun\u00adgen auf ganz Deutschland und wenn man da mal eine Begebenheit herausgreift, tr\u00e4gt das dazu bei, diese so wichtige Geschichte, warum der 31. Oktober in den reformierten L\u00e4ndern frei ist, etwas zu beleuchten.<\/p>\n<p>\nDas ist schon Kunst, die da bei uns entstehen soll, und wir w\u00fcrden uns sehr freuen, wenn auch die letzte H\u00fcrde, genug Mitstreiter zu finden, genommen w\u00fcrde. Dann wird es am 6.12. um 20 Uhr in Waltersdorf zum ersten Mal hei\u00dfen: B\u00fchne frei!<\/p>\n<p>\n<em>Christian Rempel im Waltersdorfe, den 17.10.2015<\/em><\/p>\n","protected":false},"excerpt":{"rendered":"<p>Gl\u00fcck im Ungl\u00fcck? &nbsp; Da beginnen nun also die weiteren Vorbereitungen des Festes der Stille am zweiten Advent. Jetzt sind wieder die Sponsoren gefragt, d.h. erst einmal diejenigen, die sich an m\u00f6gliche Sponsoren wenden. Der BER hat ja wieder den&#8230;<br \/><a class=\"read-more-button\" href=\"https:\/\/www.gedichtladen.de\/blog\/archive\/2131\">Mehr Lesen<\/a><\/p>\n","protected":false},"author":1,"featured_media":0,"comment_status":"open","ping_status":"open","sticky":false,"template":"","format":"standard","meta":{"footnotes":""},"categories":[12],"tags":[],"class_list":["post-2131","post","type-post","status-publish","format-standard","hentry","category-kolumne"],"_links":{"self":[{"href":"https:\/\/www.gedichtladen.de\/blog\/wp-json\/wp\/v2\/posts\/2131","targetHints":{"allow":["GET"]}}],"collection":[{"href":"https:\/\/www.gedichtladen.de\/blog\/wp-json\/wp\/v2\/posts"}],"about":[{"href":"https:\/\/www.gedichtladen.de\/blog\/wp-json\/wp\/v2\/types\/post"}],"author":[{"embeddable":true,"href":"https:\/\/www.gedichtladen.de\/blog\/wp-json\/wp\/v2\/users\/1"}],"replies":[{"embeddable":true,"href":"https:\/\/www.gedichtladen.de\/blog\/wp-json\/wp\/v2\/comments?post=2131"}],"version-history":[{"count":2,"href":"https:\/\/www.gedichtladen.de\/blog\/wp-json\/wp\/v2\/posts\/2131\/revisions"}],"predecessor-version":[{"id":2133,"href":"https:\/\/www.gedichtladen.de\/blog\/wp-json\/wp\/v2\/posts\/2131\/revisions\/2133"}],"wp:attachment":[{"href":"https:\/\/www.gedichtladen.de\/blog\/wp-json\/wp\/v2\/media?parent=2131"}],"wp:term":[{"taxonomy":"category","embeddable":true,"href":"https:\/\/www.gedichtladen.de\/blog\/wp-json\/wp\/v2\/categories?post=2131"},{"taxonomy":"post_tag","embeddable":true,"href":"https:\/\/www.gedichtladen.de\/blog\/wp-json\/wp\/v2\/tags?post=2131"}],"curies":[{"name":"wp","href":"https:\/\/api.w.org\/{rel}","templated":true}]}}