{"id":209,"date":"2010-12-04T12:34:01","date_gmt":"2010-12-04T10:34:01","guid":{"rendered":"http:\/\/www.gedichtladen.de\/blog\/?p=209"},"modified":"2023-12-08T23:01:06","modified_gmt":"2023-12-08T21:01:06","slug":"dezember-ratsel","status":"publish","type":"post","link":"https:\/\/www.gedichtladen.de\/blog\/archive\/209","title":{"rendered":"Dezember \u2013 R\u00e4tsel &#8211; 2010"},"content":{"rendered":"<p>Wer ist das wohl?<\/p>\n<p>Hat keinen Bart, sein Mantel gr\u00fcn<br \/>\nMan kann sich noch so sehr bem\u00fch`n<br \/>\nKann einfach nicht danebenraten<br \/>\nDenn zu ber\u00fchmt sind seine Taten<br \/>\nAuch jedem Kind bereits gel\u00e4ufig<br \/>\nWenn man auch sagte, er kommt h\u00e4ufig<br \/>\nUnd nicht nur einmal jahresweis<br \/>\nSelbst wenn man annimmt, es w\u00e4r hei\u00df<br \/>\nDas Datum einem schon verr\u00e4t<br \/>\nDass jenes Fest zu feiern steht<br \/>\nBei dem der Gute unentbehrlich<br \/>\nWie sollt man raten noch, sei ehrlich<\/p>\n<p>Der Dichter selbst ist hier verlegen<br \/>\nUmsonst bem\u00fcht er seinen Bregen<br \/>\nDie Sache etwas schwer zu machen<br \/>\nEr sinnt und sinnt, die Kinder lachen<br \/>\nDann hat er nunmehr aufgegeben<br \/>\nUnd sieht: so einfach ist das Leben<\/p>\n<p>C.R. 20.11.2010<\/p>\n","protected":false},"excerpt":{"rendered":"<p>Wer ist das wohl? Hat keinen Bart, sein Mantel gr\u00fcn Man kann sich noch so sehr bem\u00fch`n Kann einfach nicht danebenraten Denn zu ber\u00fchmt sind seine Taten Auch jedem Kind bereits gel\u00e4ufig Wenn man auch sagte, er kommt h\u00e4ufig Und&#8230;<br \/><a class=\"read-more-button\" href=\"https:\/\/www.gedichtladen.de\/blog\/archive\/209\">Mehr Lesen<\/a><\/p>\n","protected":false},"author":1,"featured_media":0,"comment_status":"open","ping_status":"open","sticky":false,"template":"","format":"standard","meta":{"footnotes":""},"categories":[3],"tags":[],"class_list":["post-209","post","type-post","status-publish","format-standard","hentry","category-portrat-ratsel"],"_links":{"self":[{"href":"https:\/\/www.gedichtladen.de\/blog\/wp-json\/wp\/v2\/posts\/209","targetHints":{"allow":["GET"]}}],"collection":[{"href":"https:\/\/www.gedichtladen.de\/blog\/wp-json\/wp\/v2\/posts"}],"about":[{"href":"https:\/\/www.gedichtladen.de\/blog\/wp-json\/wp\/v2\/types\/post"}],"author":[{"embeddable":true,"href":"https:\/\/www.gedichtladen.de\/blog\/wp-json\/wp\/v2\/users\/1"}],"replies":[{"embeddable":true,"href":"https:\/\/www.gedichtladen.de\/blog\/wp-json\/wp\/v2\/comments?post=209"}],"version-history":[{"count":3,"href":"https:\/\/www.gedichtladen.de\/blog\/wp-json\/wp\/v2\/posts\/209\/revisions"}],"predecessor-version":[{"id":4497,"href":"https:\/\/www.gedichtladen.de\/blog\/wp-json\/wp\/v2\/posts\/209\/revisions\/4497"}],"wp:attachment":[{"href":"https:\/\/www.gedichtladen.de\/blog\/wp-json\/wp\/v2\/media?parent=209"}],"wp:term":[{"taxonomy":"category","embeddable":true,"href":"https:\/\/www.gedichtladen.de\/blog\/wp-json\/wp\/v2\/categories?post=209"},{"taxonomy":"post_tag","embeddable":true,"href":"https:\/\/www.gedichtladen.de\/blog\/wp-json\/wp\/v2\/tags?post=209"}],"curies":[{"name":"wp","href":"https:\/\/api.w.org\/{rel}","templated":true}]}}