{"id":180,"date":"2010-11-03T11:21:44","date_gmt":"2010-11-03T09:21:44","guid":{"rendered":"http:\/\/www.gedichtladen.de\/blog\/?p=180"},"modified":"2023-12-08T23:01:06","modified_gmt":"2023-12-08T21:01:06","slug":"november-ratsel","status":"publish","type":"post","link":"https:\/\/www.gedichtladen.de\/blog\/archive\/180","title":{"rendered":"November \u2013 R\u00e4tsel &#8211; 2010"},"content":{"rendered":"<p>Ich hab sie schlie\u00dflich zu verwalten<br \/>\ndie B\u00fccher, Hefte ungeliebt<br \/>\naus diesen kann man nichts gestalten<br \/>\nf\u00fcr mich sich daraus nichts ergibt<\/p>\n<p>Ein Autor hat sich angesagt<br \/>\nh\u00f6flich gr\u00fc\u00dft der, kommt herein<br \/>\nnach B\u00fcchern, Heften er mich fragt<br \/>\nich brumm ihn an, bin gern allein<\/p>\n<p>Knall ihm so manchen Stapel hin<br \/>\ndie kann der Kerl unm\u00f6glich lesen<br \/>\nich immer noch der Meister bin<br \/>\ngeb Obacht vom verstaubten Tresen<\/p>\n<p>Nach Wochen wird der Kerl behaupten<br \/>\ndass er in B\u00fcchern etwas fand<br \/>\nin den Folianten, den verstaubten<br \/>\nwas Musen wanden mit \u201eg\u00fcldnem Band\u201c<\/p>\n<p>Da bleibt mir nur, ihn madig machen<br \/>\nVerbindungen hab ich, kann ihm schaden<br \/>\nso viel versteh ich von den Sachen<br \/>\nich halte keimfrei meinen Laden<\/p>\n<p>Ich bin es n\u00e4mlich, das System<br \/>\nlass mir nicht in die Suppe spucken<br \/>\nein Leben hab ich angenehm<br \/>\nan mir wird sich der Kerl verschlucken<\/p>\n<p><em>C.R. zum 3.11.2010<\/em><\/p>\n","protected":false},"excerpt":{"rendered":"<p>Ich hab sie schlie\u00dflich zu verwalten die B\u00fccher, Hefte ungeliebt aus diesen kann man nichts gestalten f\u00fcr mich sich daraus nichts ergibt Ein Autor hat sich angesagt h\u00f6flich gr\u00fc\u00dft der, kommt herein nach B\u00fcchern, Heften er mich fragt ich brumm&#8230;<br \/><a class=\"read-more-button\" href=\"https:\/\/www.gedichtladen.de\/blog\/archive\/180\">Mehr Lesen<\/a><\/p>\n","protected":false},"author":1,"featured_media":0,"comment_status":"open","ping_status":"open","sticky":false,"template":"","format":"standard","meta":{"footnotes":""},"categories":[3],"tags":[],"class_list":["post-180","post","type-post","status-publish","format-standard","hentry","category-portrat-ratsel"],"_links":{"self":[{"href":"https:\/\/www.gedichtladen.de\/blog\/wp-json\/wp\/v2\/posts\/180","targetHints":{"allow":["GET"]}}],"collection":[{"href":"https:\/\/www.gedichtladen.de\/blog\/wp-json\/wp\/v2\/posts"}],"about":[{"href":"https:\/\/www.gedichtladen.de\/blog\/wp-json\/wp\/v2\/types\/post"}],"author":[{"embeddable":true,"href":"https:\/\/www.gedichtladen.de\/blog\/wp-json\/wp\/v2\/users\/1"}],"replies":[{"embeddable":true,"href":"https:\/\/www.gedichtladen.de\/blog\/wp-json\/wp\/v2\/comments?post=180"}],"version-history":[{"count":5,"href":"https:\/\/www.gedichtladen.de\/blog\/wp-json\/wp\/v2\/posts\/180\/revisions"}],"predecessor-version":[{"id":4501,"href":"https:\/\/www.gedichtladen.de\/blog\/wp-json\/wp\/v2\/posts\/180\/revisions\/4501"}],"wp:attachment":[{"href":"https:\/\/www.gedichtladen.de\/blog\/wp-json\/wp\/v2\/media?parent=180"}],"wp:term":[{"taxonomy":"category","embeddable":true,"href":"https:\/\/www.gedichtladen.de\/blog\/wp-json\/wp\/v2\/categories?post=180"},{"taxonomy":"post_tag","embeddable":true,"href":"https:\/\/www.gedichtladen.de\/blog\/wp-json\/wp\/v2\/tags?post=180"}],"curies":[{"name":"wp","href":"https:\/\/api.w.org\/{rel}","templated":true}]}}