{"id":1416,"date":"2013-06-16T19:48:07","date_gmt":"2013-06-16T17:48:07","guid":{"rendered":"http:\/\/www.gedichtladen.de\/blog\/?p=1416"},"modified":"2023-12-08T23:00:24","modified_gmt":"2023-12-08T21:00:24","slug":"kolumne-kw24-2","status":"publish","type":"post","link":"https:\/\/www.gedichtladen.de\/blog\/archive\/1416","title":{"rendered":"Kolumne KW24 &#8222;\u00dcberraschender Bauauftrag&#8220;"},"content":{"rendered":"<p><strong>\u00dcberraschender Bauauftrag<\/strong><\/p>\n<p>&nbsp;<\/p>\n<p>Die Architekten haben eine Halle geplant, die eine Grundfl\u00e4che von gerade mal 5m mal 10m hat. Innen laufen noch an zwei Seiten 1,5m breite Emporen um, und vermindern die Grundfl\u00e4che  optisch noch mehr. Der ganze Raum hat nur Lichteinfall von der Ostseite durch zwei vertikale Fensterstreifen, die in der Mitte eine betr\u00e4chtliche Fl\u00e4che in den Schatten des Gegenlichts taucht. Nur an der Raumh\u00f6he hat man nicht gespart, denn sie betr\u00e4gt fast zw\u00f6lf Meter.<\/p>\n<p><!--more--><br \/>\nDiese Halle wird in Halle errichtet und ist Teil eines G\u00e4stehauses f\u00fcr ausl\u00e4ndische Wissenschaftler. Dass sie sich in dem schornsteinartigen Bau nicht langweilen, soll jene Fl\u00e4che im Gegenlicht eine  Wandverzierung erfreuen, die etwa 3,70m breit und ganze 6,5m hoch sein soll.<\/p>\n<p>\nWir haben im Esszimmer auch zwei Fenster, die allerdings nicht nach Osten, sondern nach Norden gehen. Trotzdem ist es am Tage in dem Raum so hell, dass wir noch nicht auf die Idee gekommen sind, ausgerechnet in den Zwischenraum zwischen den Fenstern noch ein Bild o.\u00e4. anzubringen. Dieser ist dann gerade mal f\u00fcr Gardinen gut.<\/p>\n<p>\nWenn man nur von dem Projekt h\u00f6rt, denkt man sich gar nichts weiter. Da sind eben mal 24 Quadratmeter Wandfl\u00e4che zu gestalten, aber die potenziellen Auftraggeber sind pfiffig genug, sich mal zum Nulltarif auch eine r\u00e4umliche Vorstellung zu verschaffen, indem sie die Bieter einfach mal auf eigene Kosten ein Modell bauen lassen.<\/p>\n<p>\nDas Modell kann 1:5 oder 1:10 sein, so spekulieren sie darauf, dass man nicht gleich merkt, dass 1:5 schon ganz nett begehbar w\u00e4re und auch 1:10 schon einen ganz beachtlichen Materialaufwand hat.<\/p>\n<p>\nK\u00fcnstler sind heutzutage \u00fcberwiegend arme Schlucker, und war nicht schon immer das Prinzip, dass man die dann auch noch zur Kasse bittet?<\/p>\n<p>\nAber K\u00fcnstler bringen auch Dinge zustande, die einem manchmal vor R\u00fchrung die Knie weich werden lassen, und von dieser Sorte ist meine Tochter, die sicher ihren Weg machen wird, ob nun mit oder ohne Schornsteininnenauskleidung.<\/p>\n<p>\n<em>Christian Rempel,<br \/>\nIm Waltersdorfe 16.6.2013<br \/>\n<\/em><\/p>\n","protected":false},"excerpt":{"rendered":"<p>\u00dcberraschender Bauauftrag &nbsp; Die Architekten haben eine Halle geplant, die eine Grundfl\u00e4che von gerade mal 5m mal 10m hat. Innen laufen noch an zwei Seiten 1,5m breite Emporen um, und vermindern die Grundfl\u00e4che optisch noch mehr. Der ganze Raum hat&#8230;<br \/><a class=\"read-more-button\" href=\"https:\/\/www.gedichtladen.de\/blog\/archive\/1416\">Mehr Lesen<\/a><\/p>\n","protected":false},"author":1,"featured_media":0,"comment_status":"open","ping_status":"open","sticky":false,"template":"","format":"standard","meta":{"footnotes":""},"categories":[12],"tags":[],"class_list":["post-1416","post","type-post","status-publish","format-standard","hentry","category-kolumne"],"_links":{"self":[{"href":"https:\/\/www.gedichtladen.de\/blog\/wp-json\/wp\/v2\/posts\/1416","targetHints":{"allow":["GET"]}}],"collection":[{"href":"https:\/\/www.gedichtladen.de\/blog\/wp-json\/wp\/v2\/posts"}],"about":[{"href":"https:\/\/www.gedichtladen.de\/blog\/wp-json\/wp\/v2\/types\/post"}],"author":[{"embeddable":true,"href":"https:\/\/www.gedichtladen.de\/blog\/wp-json\/wp\/v2\/users\/1"}],"replies":[{"embeddable":true,"href":"https:\/\/www.gedichtladen.de\/blog\/wp-json\/wp\/v2\/comments?post=1416"}],"version-history":[{"count":3,"href":"https:\/\/www.gedichtladen.de\/blog\/wp-json\/wp\/v2\/posts\/1416\/revisions"}],"predecessor-version":[{"id":4373,"href":"https:\/\/www.gedichtladen.de\/blog\/wp-json\/wp\/v2\/posts\/1416\/revisions\/4373"}],"wp:attachment":[{"href":"https:\/\/www.gedichtladen.de\/blog\/wp-json\/wp\/v2\/media?parent=1416"}],"wp:term":[{"taxonomy":"category","embeddable":true,"href":"https:\/\/www.gedichtladen.de\/blog\/wp-json\/wp\/v2\/categories?post=1416"},{"taxonomy":"post_tag","embeddable":true,"href":"https:\/\/www.gedichtladen.de\/blog\/wp-json\/wp\/v2\/tags?post=1416"}],"curies":[{"name":"wp","href":"https:\/\/api.w.org\/{rel}","templated":true}]}}