{"id":1413,"date":"2013-06-09T17:22:35","date_gmt":"2013-06-09T15:22:35","guid":{"rendered":"http:\/\/www.gedichtladen.de\/blog\/?p=1413"},"modified":"2023-12-08T23:00:24","modified_gmt":"2023-12-08T21:00:24","slug":"kolumne-kw23-wieder-eine-flut","status":"publish","type":"post","link":"https:\/\/www.gedichtladen.de\/blog\/archive\/1413","title":{"rendered":"Kolumne KW23 &#8222;Wieder eine Flut&#8220;"},"content":{"rendered":"<p><strong>Wieder eine Flut<\/strong><\/p>\n<p>&nbsp;<\/p>\n<p>Mutet es nicht ein bisschen wie im Mittelalter an, wo man fassungslos vor den Naturgewalten stand und sie hinnehmen musste? Nach nur elf Jahren ereilt wieder alle Orte, die schon damals betroffen waren, eine Flut.<\/p>\n<p><!--more--><br \/>\nAls meine Frau den Hortis davon erz\u00e4hlte, waren noch einige dabei, die noch gar nichts von dieser erneuten Flut geh\u00f6rt hatten, aber als sie ihnen die Sache nahegebracht hatte, waren alle Feuer und Flamme und wollten helfen.<\/p>\n<p>\nAm besten w\u00e4re es nat\u00fcrlich, wenn eine KITA hier im Brandenburger Land einer KITA helfen w\u00fcrde, die sich im Flutgebiet befindet und betroffen ist. Dazu mobilisierten wir unsere Dresdener Freunde, das herauszufinden, und es dauerte wirklich nur wenige Stunden, da war das evangelische Kinderhaus in Pirna gefunden, deren Haus buchst\u00e4blich abgesoffen ist.<\/p>\n<p>\nDa werden nun die Klingelb\u00fcchsen der Kirche flott gemacht und es soll n\u00e4chste Woche losgehen mit dem Geldsammeln. Auch den Erl\u00f6s aus dem Kuchenverkauf zum Kindertag durch den Feuerwehrf\u00f6rderverein k\u00f6nnte man spenden.<\/p>\n<p>\nDer Pfarrer von Pirna war sichtlich erfreut \u00fcber diese Aussicht, auch wenn nicht zu erwarten ist, dass da Tausende zusammenkommen, aber dass sich die Kinder hier mit dem Schicksal ihrer Altersgenossen im Dresdener Raum besch\u00e4ftigen, das ist schon eine tolle Sache.<\/p>\n<p>\nInzwischen sinken die Pegelst\u00e4nde wieder, aber das ist ja auch der Zeitpunkt, wo man die Sch\u00e4den absch\u00e4tzen kann und die Aufr\u00e4umarbeiten beginnen. Vielleicht reicht das, was die Kinder zusammenbekommen, wenigstens f\u00fcr ein paar Pausenbrote f\u00fcr die flei\u00dfigen Helfer.<\/p>\n<p>\n<em>Christian Rempel,<br \/>\nIm Waltersdorfe 8.6.2013<br \/>\n<\/em><\/p>\n","protected":false},"excerpt":{"rendered":"<p>Wieder eine Flut &nbsp; Mutet es nicht ein bisschen wie im Mittelalter an, wo man fassungslos vor den Naturgewalten stand und sie hinnehmen musste? Nach nur elf Jahren ereilt wieder alle Orte, die schon damals betroffen waren, eine Flut.<\/p>\n","protected":false},"author":1,"featured_media":0,"comment_status":"open","ping_status":"open","sticky":false,"template":"","format":"standard","meta":{"footnotes":""},"categories":[12],"tags":[],"class_list":["post-1413","post","type-post","status-publish","format-standard","hentry","category-kolumne"],"_links":{"self":[{"href":"https:\/\/www.gedichtladen.de\/blog\/wp-json\/wp\/v2\/posts\/1413","targetHints":{"allow":["GET"]}}],"collection":[{"href":"https:\/\/www.gedichtladen.de\/blog\/wp-json\/wp\/v2\/posts"}],"about":[{"href":"https:\/\/www.gedichtladen.de\/blog\/wp-json\/wp\/v2\/types\/post"}],"author":[{"embeddable":true,"href":"https:\/\/www.gedichtladen.de\/blog\/wp-json\/wp\/v2\/users\/1"}],"replies":[{"embeddable":true,"href":"https:\/\/www.gedichtladen.de\/blog\/wp-json\/wp\/v2\/comments?post=1413"}],"version-history":[{"count":2,"href":"https:\/\/www.gedichtladen.de\/blog\/wp-json\/wp\/v2\/posts\/1413\/revisions"}],"predecessor-version":[{"id":4374,"href":"https:\/\/www.gedichtladen.de\/blog\/wp-json\/wp\/v2\/posts\/1413\/revisions\/4374"}],"wp:attachment":[{"href":"https:\/\/www.gedichtladen.de\/blog\/wp-json\/wp\/v2\/media?parent=1413"}],"wp:term":[{"taxonomy":"category","embeddable":true,"href":"https:\/\/www.gedichtladen.de\/blog\/wp-json\/wp\/v2\/categories?post=1413"},{"taxonomy":"post_tag","embeddable":true,"href":"https:\/\/www.gedichtladen.de\/blog\/wp-json\/wp\/v2\/tags?post=1413"}],"curies":[{"name":"wp","href":"https:\/\/api.w.org\/{rel}","templated":true}]}}