{"id":1393,"date":"2013-06-02T16:38:01","date_gmt":"2013-06-02T14:38:01","guid":{"rendered":"http:\/\/www.gedichtladen.de\/blog\/?p=1393"},"modified":"2023-12-08T23:00:24","modified_gmt":"2023-12-08T21:00:24","slug":"kolumne-kw22-kindertag","status":"publish","type":"post","link":"https:\/\/www.gedichtladen.de\/blog\/archive\/1393","title":{"rendered":"Kolumne KW22 &#8222;Kindertag&#8220;"},"content":{"rendered":"<p><strong>Kindertag<\/strong><\/p>\n<p>&nbsp;<\/p>\n<p>Nun war der gro\u00dfe Tag heran, an dem das Spritzenzielger\u00e4t und das neue Einsatzfahr\u00adzeug der Waltersdorfer Feuerwehr ihre Premiere erlebten. Schon fr\u00fch um sieben ging es zum B\u00e4cker, dass die vielen Helfer auch ein Fr\u00fchst\u00fcck bek\u00e4men, und als es dann so weit war mit dem um acht Uhr anberaumten Fr\u00fchst\u00fcck, waren schon alle so im Gange, dass sie gar nicht dazu kamen, die Br\u00f6tchen zu sich zu nehmen.<\/p>\n<p><!--more--><br \/>\nDer F\u00f6rderverein trat mit vier Kuchen an den Start vor Toys &#8218;R&#8216; us und 56 Muffins. Diese wurden dann aber so schnell verkauft, dass der Inhaber des Gedichtladens selbst noch einmal Hand anlegen musste und noch f\u00fcr drei Kuchen den Hefeteig zusammenkneten.<\/p>\n<p>\n<img decoding=\"async\" style=\"float: right;border:none;margin: 0px 6px;\" src=\"http:\/\/up.picr.de\/14708402ez.jpg\" alt=\"Spritze\" \/><br \/>\nDie beiden neuen Kreationen (Kettcar als Ein-Mann-Feuerwehr und Spritzenzielger\u00e4t) wurden zu echten Attraktionen. Mit dem Fahrzeug wurde k\u00fcbelweise das Wasser herangeholt, mit dem die Kids dann auf das Konterfei der Waltersdorfer Kirche zielten, und wenn das Ziel dann zum Zeichen des Erfolgs herumgeklappt war, winkte auch immer ein Preis f\u00fcr die wackeren Kinder.<\/p>\n<p>\n<img style=\"float: left;border:none;margin: 0px 6px;\"src=\"http:\/\/up.picr.de\/14708563yc.jpg\" alt=\"Kette\" \/><\/p>\n<p>\nZwei ganze Parkpl\u00e4tze hatte Sebastian Wurbs vollorganisiert mit diversen Attraktionen und die Leute von H\u00f6ffner, die Kindertag mehr als Werbekampagne mit der Zielgruppe Kinder zu verstehen scheinen, kamen schon mal gucken, was bei uns so los war.<\/p>\n<p>\nTrotz des m\u00e4\u00dfigen Wetters war also viel Betrieb und im Vergleich zum Vorjahr merklich mehr, denn es war ja erst das zweite Mal, dass die Jugendfeuerwehr das Kinderfest organisiert hat. Auch der B\u00fcrgermeister Herr Haase und unsere Lokalpresse f\u00fcr Sch\u00f6nefeld Frau Hybsier waren da und sichtlich erfreut \u00fcber den gro\u00dfen Erfolg der Veranstaltung.<\/p>\n<p>\nDer Chef von Toys us, Herr Tohm, war sichtlich erfreut, dass alles so gut geklappt hat (es hatte ja dem Hause auch fast nichts gekostet, denn selbst der DJ wollte f\u00fcr seine Leistung nicht einmal Geld nehmen und erbat nur die GeMa Kosten).<\/p>\n<p>\nAm fr\u00fchen Nachmittag hat es dann leider doch einmal ganz sch\u00f6n geregnet, so dass einige der typischen Eink\u00e4ufer, die so nach dem Fr\u00fchst\u00fcck um 12 erscheinen, sich etwas rar machten, aber dann war es immerhin auch erfreulich warm, so dass die paar Tr\u00f6pfchen nichts mehr ausmachten.<\/p>\n<p>\nBirgit Sauerwald hatte mit ihren Gipsfiguren auch wieder t\u00fcchtigen Andrang und man kann hoffen, dass zu Unterst\u00fctzung der Feuerwehr bald wieder mehr B\u00fcrger hinzusto\u00dfen werden. Immerhin waren es jetzt schon drei ehrenamtliche Helfer, die nicht zur Feuerwehr geh\u00f6ren und alle waren so einsatzfreudig, dass das Auf- und Abbauen, wie am Schn\u00fcrchen lief.<\/p>\n<p>\nDas konnte die Jugendfeuerwehr nat\u00fcrlich nicht allein bew\u00e4ltigen und es ist erfreulich, dass vom Wehrleiter angefangen fast alle Kameraden mit von der Partie waren. Damit war das Soll aber noch nicht voll an diesem Tag, denn sie hatten noch zwei Eins\u00e4tze, zu denen sie w\u00e4hrend des Festes ausr\u00fccken mussten.<\/p>\n<p>\nNach so einem ereignis- und arbeitsreichen Tag freut es einen dann auch, wenn man ein kleines Dankesch\u00f6n f\u00fcr die Hilfe ausgesprochen bekommt, und daf\u00fcr einen Dank an die Adresse der Feuerwehr zur\u00fcck.<\/p>\n<p>\n<em>Christian Rempel,<br \/>\nIm Waltersdorfe 2.6.2013<br \/>\n<\/em><\/p>\n","protected":false},"excerpt":{"rendered":"<p>Kindertag &nbsp; Nun war der gro\u00dfe Tag heran, an dem das Spritzenzielger\u00e4t und das neue Einsatzfahr\u00adzeug der Waltersdorfer Feuerwehr ihre Premiere erlebten. Schon fr\u00fch um sieben ging es zum B\u00e4cker, dass die vielen Helfer auch ein Fr\u00fchst\u00fcck bek\u00e4men, und als&#8230;<br \/><a class=\"read-more-button\" href=\"https:\/\/www.gedichtladen.de\/blog\/archive\/1393\">Mehr Lesen<\/a><\/p>\n","protected":false},"author":1,"featured_media":0,"comment_status":"open","ping_status":"open","sticky":false,"template":"","format":"standard","meta":{"footnotes":""},"categories":[12],"tags":[],"class_list":["post-1393","post","type-post","status-publish","format-standard","hentry","category-kolumne"],"_links":{"self":[{"href":"https:\/\/www.gedichtladen.de\/blog\/wp-json\/wp\/v2\/posts\/1393","targetHints":{"allow":["GET"]}}],"collection":[{"href":"https:\/\/www.gedichtladen.de\/blog\/wp-json\/wp\/v2\/posts"}],"about":[{"href":"https:\/\/www.gedichtladen.de\/blog\/wp-json\/wp\/v2\/types\/post"}],"author":[{"embeddable":true,"href":"https:\/\/www.gedichtladen.de\/blog\/wp-json\/wp\/v2\/users\/1"}],"replies":[{"embeddable":true,"href":"https:\/\/www.gedichtladen.de\/blog\/wp-json\/wp\/v2\/comments?post=1393"}],"version-history":[{"count":20,"href":"https:\/\/www.gedichtladen.de\/blog\/wp-json\/wp\/v2\/posts\/1393\/revisions"}],"predecessor-version":[{"id":4375,"href":"https:\/\/www.gedichtladen.de\/blog\/wp-json\/wp\/v2\/posts\/1393\/revisions\/4375"}],"wp:attachment":[{"href":"https:\/\/www.gedichtladen.de\/blog\/wp-json\/wp\/v2\/media?parent=1393"}],"wp:term":[{"taxonomy":"category","embeddable":true,"href":"https:\/\/www.gedichtladen.de\/blog\/wp-json\/wp\/v2\/categories?post=1393"},{"taxonomy":"post_tag","embeddable":true,"href":"https:\/\/www.gedichtladen.de\/blog\/wp-json\/wp\/v2\/tags?post=1393"}],"curies":[{"name":"wp","href":"https:\/\/api.w.org\/{rel}","templated":true}]}}