{"id":1377,"date":"2013-05-16T14:59:40","date_gmt":"2013-05-16T12:59:40","guid":{"rendered":"http:\/\/www.gedichtladen.de\/blog\/?p=1377"},"modified":"2023-12-08T23:00:24","modified_gmt":"2023-12-08T21:00:24","slug":"pressenotiz-jugendfeuerwehr-waltersdorf","status":"publish","type":"post","link":"https:\/\/www.gedichtladen.de\/blog\/archive\/1377","title":{"rendered":"Pressenotiz Jugendfeuerwehr Waltersdorf"},"content":{"rendered":"<p><strong>Spritziges mit &#8222;Toys &#8218;R&#8216; us&#8220; zum Kindertag <\/strong>&nbsp;<\/p>\n<p>Zum zweiten Mal gestaltet die Jugendfeuerwehr Waltersdorf gemeinsam mit &#8222;Toys &#8218;R&#8216; us&#8220; auf dem Parkplatz dieses Hauses f\u00fcr Spielzeug aller Art den Kindertag zu einem H\u00f6hepunkt f\u00fcr Gro\u00df und Klein. Der internationale Kindertag am 1. Juni, der auf eine Anregung der UNO zur\u00fcckgeht, wird heute in \u00fcber drei\u00dfig L\u00e4ndern gefeiert.<!--more--><br \/>\nDass sich Kinder schon auf das Erwachsenenleben vorbereiten k\u00f6nnen, in dem sie vielleicht auch Feuerwehrmann oder -frau sein k\u00f6nnten, beweisen die vielen Aktivit\u00e4ten, die die Jugendwarts Sebastian Wurbs und Uwe Pardeike mit den Kids unternehmen. Unter ihrer Anleitung laufen auch schon eine ganze Weile die Vorbereitungen. Da steht dann nicht nur der Umgang mit der K\u00fcbelspritze und kindgerechter Technik auf dem Programm, sondern da wird auch \u00a0ein als Feuerwehrauto umgebautes Kettcar und eine Zielvorrichtung f\u00fcr Feuerwehrspritzen erstmalig am Kindertag zum Einsatz kommen und sicher viel Spa\u00df machen.<br \/>\nDas alles und noch viel mehr soll nun p\u00fcnktlich zum Sonnabend, den ersten Juni zwischen 10 und 17 Uhr f\u00fcr die Kinder bereitstehen, wo sowieso reger Betrieb im Einkaufszentrum Waltersdorf herrscht. Nicht nur zum Ausprobieren der neuesten Erfindungen wird eingeladen, man kann auch Ponyreiten, \u00a0Kett- und Bobbycars fahren, kann mal probieren wie es mit der ersten Hilfe geht und wenn alles klappt, steht auch eine H\u00fcpfburg bereit. Nat\u00fcrlich kann man sich auch mal Feuerwehr\u00adautos aus der N\u00e4he ansehen und wenn man bei all dem Treiben hungrig geworden sein sollte, einen Kinderd\u00f6ner oder ein St\u00fcck Kuchen zu sich nehmen, wozu es nat\u00fcrlich auch einen Kakao und f\u00fcr die Eltern einen Kaffee gibt.<br \/>\nAuch im  &#8222;Toys &#8218;R&#8216; us&#8220; Markt feiern wir den Internationalen Kindertag mit zahlreichen Aktionen. Wir w\u00fcrden uns sehr freuen, wenn wir Sie am 01.Juni bei &#8222;Toys &#8218;R&#8216; us&#8220; in Waltersdorf begr\u00fc\u00dfen d\u00fcrfen.<\/p>\n<p>\n<em>C.R. www.gedichtladen.de<\/em><\/p>\n","protected":false},"excerpt":{"rendered":"<p>Spritziges mit &#8222;Toys &#8218;R&#8216; us&#8220; zum Kindertag &nbsp; Zum zweiten Mal gestaltet die Jugendfeuerwehr Waltersdorf gemeinsam mit &#8222;Toys &#8218;R&#8216; us&#8220; auf dem Parkplatz dieses Hauses f\u00fcr Spielzeug aller Art den Kindertag zu einem H\u00f6hepunkt f\u00fcr Gro\u00df und Klein. Der internationale&#8230;<br \/><a class=\"read-more-button\" href=\"https:\/\/www.gedichtladen.de\/blog\/archive\/1377\">Mehr Lesen<\/a><\/p>\n","protected":false},"author":1,"featured_media":0,"comment_status":"open","ping_status":"open","sticky":false,"template":"","format":"standard","meta":{"footnotes":""},"categories":[4],"tags":[],"class_list":["post-1377","post","type-post","status-publish","format-standard","hentry","category-veranstaltungen"],"_links":{"self":[{"href":"https:\/\/www.gedichtladen.de\/blog\/wp-json\/wp\/v2\/posts\/1377","targetHints":{"allow":["GET"]}}],"collection":[{"href":"https:\/\/www.gedichtladen.de\/blog\/wp-json\/wp\/v2\/posts"}],"about":[{"href":"https:\/\/www.gedichtladen.de\/blog\/wp-json\/wp\/v2\/types\/post"}],"author":[{"embeddable":true,"href":"https:\/\/www.gedichtladen.de\/blog\/wp-json\/wp\/v2\/users\/1"}],"replies":[{"embeddable":true,"href":"https:\/\/www.gedichtladen.de\/blog\/wp-json\/wp\/v2\/comments?post=1377"}],"version-history":[{"count":6,"href":"https:\/\/www.gedichtladen.de\/blog\/wp-json\/wp\/v2\/posts\/1377\/revisions"}],"predecessor-version":[{"id":4378,"href":"https:\/\/www.gedichtladen.de\/blog\/wp-json\/wp\/v2\/posts\/1377\/revisions\/4378"}],"wp:attachment":[{"href":"https:\/\/www.gedichtladen.de\/blog\/wp-json\/wp\/v2\/media?parent=1377"}],"wp:term":[{"taxonomy":"category","embeddable":true,"href":"https:\/\/www.gedichtladen.de\/blog\/wp-json\/wp\/v2\/categories?post=1377"},{"taxonomy":"post_tag","embeddable":true,"href":"https:\/\/www.gedichtladen.de\/blog\/wp-json\/wp\/v2\/tags?post=1377"}],"curies":[{"name":"wp","href":"https:\/\/api.w.org\/{rel}","templated":true}]}}