{"id":1371,"date":"2013-05-16T20:56:02","date_gmt":"2013-05-16T18:56:02","guid":{"rendered":"http:\/\/www.gedichtladen.de\/blog\/?p=1371"},"modified":"2023-12-08T23:00:24","modified_gmt":"2023-12-08T21:00:24","slug":"schneewittchenadaption","status":"publish","type":"post","link":"https:\/\/www.gedichtladen.de\/blog\/archive\/1371","title":{"rendered":"Schneewittchenadaption"},"content":{"rendered":"<p><strong>Schneewittchenadaption<\/strong>&nbsp;<\/p>\n<p>(nicht besser, nur ein bisschen anders)<\/p>\n<p>\nAuf sieben St\u00fchlen habe ich gesessen,<br \/>\nAn sieben Tischen hat es mir geschmeckt.<br \/>\nDas B\u00f6se hat mich nicht vergessen,<br \/>\nder Spiegel hat mich ihr entdeckt.<br \/>\nUnd immer war ich zu naiv,<br \/>\ndas Ungl\u00fcck nahte, war ich mal allein.<!--more--><br \/>\nFiel dreimal in den Schlaf so tief,<br \/>\nfiel dreimal auf das B\u00f6se rein.<br \/>\nUnd sieben Tode w\u00e4re ich gestorben,<br \/>\nwenn einer nicht gestolpert w\u00e4r,<br \/>\nund wieder ward um mich geworben,<br \/>\nverwundert sah ich um mich her.<br \/>\nDenn M\u00e4rchenprinzen gibt&#8217;s<br \/>\nwie Sand am Meer.<\/p>\n<p>\n<em>C.R. nach Christina Margret 13.5.2013<br \/>\nOriginal auf www.eitelkunst.de<\/em> <\/p>\n","protected":false},"excerpt":{"rendered":"<p>Schneewittchenadaption&nbsp; (nicht besser, nur ein bisschen anders) Auf sieben St\u00fchlen habe ich gesessen, An sieben Tischen hat es mir geschmeckt. Das B\u00f6se hat mich nicht vergessen, der Spiegel hat mich ihr entdeckt. Und immer war ich zu naiv, das Ungl\u00fcck&#8230;<br \/><a class=\"read-more-button\" href=\"https:\/\/www.gedichtladen.de\/blog\/archive\/1371\">Mehr Lesen<\/a><\/p>\n","protected":false},"author":1,"featured_media":0,"comment_status":"open","ping_status":"open","sticky":false,"template":"","format":"standard","meta":{"footnotes":""},"categories":[7],"tags":[],"class_list":["post-1371","post","type-post","status-publish","format-standard","hentry","category-leseproben"],"_links":{"self":[{"href":"https:\/\/www.gedichtladen.de\/blog\/wp-json\/wp\/v2\/posts\/1371","targetHints":{"allow":["GET"]}}],"collection":[{"href":"https:\/\/www.gedichtladen.de\/blog\/wp-json\/wp\/v2\/posts"}],"about":[{"href":"https:\/\/www.gedichtladen.de\/blog\/wp-json\/wp\/v2\/types\/post"}],"author":[{"embeddable":true,"href":"https:\/\/www.gedichtladen.de\/blog\/wp-json\/wp\/v2\/users\/1"}],"replies":[{"embeddable":true,"href":"https:\/\/www.gedichtladen.de\/blog\/wp-json\/wp\/v2\/comments?post=1371"}],"version-history":[{"count":6,"href":"https:\/\/www.gedichtladen.de\/blog\/wp-json\/wp\/v2\/posts\/1371\/revisions"}],"predecessor-version":[{"id":4377,"href":"https:\/\/www.gedichtladen.de\/blog\/wp-json\/wp\/v2\/posts\/1371\/revisions\/4377"}],"wp:attachment":[{"href":"https:\/\/www.gedichtladen.de\/blog\/wp-json\/wp\/v2\/media?parent=1371"}],"wp:term":[{"taxonomy":"category","embeddable":true,"href":"https:\/\/www.gedichtladen.de\/blog\/wp-json\/wp\/v2\/categories?post=1371"},{"taxonomy":"post_tag","embeddable":true,"href":"https:\/\/www.gedichtladen.de\/blog\/wp-json\/wp\/v2\/tags?post=1371"}],"curies":[{"name":"wp","href":"https:\/\/api.w.org\/{rel}","templated":true}]}}