{"id":1365,"date":"2013-05-12T11:52:51","date_gmt":"2013-05-12T09:52:51","guid":{"rendered":"http:\/\/www.gedichtladen.de\/blog\/?p=1365"},"modified":"2023-12-08T23:00:25","modified_gmt":"2023-12-08T21:00:25","slug":"adaption-der-kleine-kaktus","status":"publish","type":"post","link":"https:\/\/www.gedichtladen.de\/blog\/archive\/1365","title":{"rendered":"Adaption: Der kleine Kaktus"},"content":{"rendered":"<p>Hab sieben mal sieben L\u00f6cher in den siebenblauen Himmel gestarrt.<br \/>\nIst das Kaktusart?<br \/>\nWill lieben und lieben, w\u00e4re so gern im siebten Himmel.<br \/>\nUm mich das ganze Blumen- und Bienengewimmel.<br \/>\nAll die Gl\u00fccklichen, die mich meiner Stacheln wegen ausgespart.<br \/>\nIst das G\u00f6tterart?<br \/>\nNormalerweise,<br \/>\ngehen meine Gedanken nicht so weit auf die Reise.<br \/>\nIch starr auf den Boden ganz dicht neben mir,<br \/>\nden blumenbewachsenen mit Kriech- und Krabbeltier.<br \/>\nAll die Gl\u00fccklichen starre ich an,<br \/>\nwie es nur ein einsamer Kaktus kann.<br \/>\nIst das Kaktusweise?<br \/>\nDer Stacheln wegen, mag man mich nicht,<br \/>\nder Stacheln wegen, l\u00e4sst Gott mich allein.<br \/>\nIst das G\u00f6tterweise?<br \/>\nSo frage ich leise \u2013 muss wohl so sein.<\/p>\n<p>\nC.R. nach einem Text von Jennifer M\u00fcller 1.5.2013<\/p>\n<p>\nP.S.: Eines anderen wegen, wei\u00dft Du mein Kind,<br \/>\nstarr ich ins Leere, denn ich bin blind.<br \/>\nIch bl\u00fche auch nicht nach Kakteenart,<br \/>\nwie die Blumen, die Schwestern, mit Bl\u00e4ttern so zart.<br \/>\nDenn nur, wer den Schmerz der Kakteen kennt,<br \/>\nund ihn mit den zartesten Worten benennt,<br \/>\nVerbietet das eine &#8211; das happy end.<\/p>\n","protected":false},"excerpt":{"rendered":"<p>Hab sieben mal sieben L\u00f6cher in den siebenblauen Himmel gestarrt. Ist das Kaktusart? Will lieben und lieben, w\u00e4re so gern im siebten Himmel. Um mich das ganze Blumen- und Bienengewimmel. All die Gl\u00fccklichen, die mich meiner Stacheln wegen ausgespart. Ist&#8230;<br \/><a class=\"read-more-button\" href=\"https:\/\/www.gedichtladen.de\/blog\/archive\/1365\">Mehr Lesen<\/a><\/p>\n","protected":false},"author":1,"featured_media":0,"comment_status":"open","ping_status":"open","sticky":false,"template":"","format":"standard","meta":{"footnotes":""},"categories":[7],"tags":[],"class_list":["post-1365","post","type-post","status-publish","format-standard","hentry","category-leseproben"],"_links":{"self":[{"href":"https:\/\/www.gedichtladen.de\/blog\/wp-json\/wp\/v2\/posts\/1365","targetHints":{"allow":["GET"]}}],"collection":[{"href":"https:\/\/www.gedichtladen.de\/blog\/wp-json\/wp\/v2\/posts"}],"about":[{"href":"https:\/\/www.gedichtladen.de\/blog\/wp-json\/wp\/v2\/types\/post"}],"author":[{"embeddable":true,"href":"https:\/\/www.gedichtladen.de\/blog\/wp-json\/wp\/v2\/users\/1"}],"replies":[{"embeddable":true,"href":"https:\/\/www.gedichtladen.de\/blog\/wp-json\/wp\/v2\/comments?post=1365"}],"version-history":[{"count":2,"href":"https:\/\/www.gedichtladen.de\/blog\/wp-json\/wp\/v2\/posts\/1365\/revisions"}],"predecessor-version":[{"id":4380,"href":"https:\/\/www.gedichtladen.de\/blog\/wp-json\/wp\/v2\/posts\/1365\/revisions\/4380"}],"wp:attachment":[{"href":"https:\/\/www.gedichtladen.de\/blog\/wp-json\/wp\/v2\/media?parent=1365"}],"wp:term":[{"taxonomy":"category","embeddable":true,"href":"https:\/\/www.gedichtladen.de\/blog\/wp-json\/wp\/v2\/categories?post=1365"},{"taxonomy":"post_tag","embeddable":true,"href":"https:\/\/www.gedichtladen.de\/blog\/wp-json\/wp\/v2\/tags?post=1365"}],"curies":[{"name":"wp","href":"https:\/\/api.w.org\/{rel}","templated":true}]}}