{"id":1348,"date":"2013-04-07T16:06:36","date_gmt":"2013-04-07T14:06:36","guid":{"rendered":"http:\/\/www.gedichtladen.de\/blog\/?p=1348"},"modified":"2023-12-08T23:00:25","modified_gmt":"2023-12-08T21:00:25","slug":"kolumne-kw14-in-den-startlochern","status":"publish","type":"post","link":"https:\/\/www.gedichtladen.de\/blog\/archive\/1348","title":{"rendered":"Kolumne KW14 &#8222;In den Startl\u00f6chern&#8220;"},"content":{"rendered":"<p><strong>In den Startl\u00f6chern<\/strong><\/p>\n<p>&nbsp;<\/p>\n<p>Da ich die Ostertage mit den Ellipsen verbracht habe, die die Wasseroberfl\u00e4che in einem geneigten Rohr bildet, war das Wetter weniger interessant. Eigentlich sollte es zwar diesen Freitag schon darangehen, diese Theorie im Spritzenzielger\u00e4t umzusetzen, aber das Holz l\u00e4sst immer noch auf sich warten. Es war mir eine Freude, dass der Chefkonstrukteur Henry von der Jugendfeuerwehr die etwas umf\u00e4nglichen Rechnungen verstanden hat, auch wenn sie nicht in allem Detail zu vermitteln waren.<\/p>\n<p><!--more--><br \/>\nAuch das Babajagahaus ist immer noch unter der Plane geborgen, rundherum liegt noch eine Menge Schnee und es geht mit dem Bau noch nicht weiter. Auch daf\u00fcr ist die Holzfrage nat\u00fcrlich entscheidend, aber den Strich durch die Rechnung hat auch hier das Wetter gemacht.<\/p>\n<p>\nDurch Ostern fiel der Physikmontag in der HTW erst mal aus und ich hatte, wenn ich nicht gerade an den Ellipsen rechnete, Zeit, da auch noch etwas Vorlauf zu schaffen. Die Idee, dass die Vorlesungsassistenten auch im Seminar etwas wirksam werden, musste ich mir bald abschminken, denn man behauptet daf\u00fcr keine Zeit zu haben. Ein anderer Professor best\u00e4tigte das dann noch im ung\u00fcnstigsten Moment, also im passenden, so dass ich die Sache weiterhin allein bestreiten muss.<\/p>\n<p>\nVom Strumpfhosenfetischismus war schon die Rede und so setze ich meinen Ehrgeiz daran, an diesen filigranen Gebilden so viel wie m\u00f6glich Physik zu demonstrieren. Die Messung der Faserdicke mit einem Laser hat in der Vorlesung, ohne dass es vorher genau durchgespielt war, gut funktioniert und ergab gerade die geforderte Fadenst\u00e4rke, so dass man einiges an Kritik an den Herstellern zur\u00fccknehmen muss.<\/p>\n<p>\nNun bliebe eben noch zu pr\u00fcfen, wie sich die Fasern dehnen lassen, ob sie dem Hookschen Gesetz F=kx auch folgen und welche Werte sich f\u00fcr die Federkonstante k ergeben. In der Federkonstante steckt dann noch implizit die L\u00e4nge, die man aber leicht ermitteln kann und die Querschnittsfl\u00e4che, die sich ja aus der Dickenmessung ergibt.<\/p>\n<p>\nF\u00fcr den Dehnungsversuch mussten ein paar Fasern pr\u00e4pariert werden und wenn wir den Laserversuch im Praktikum durchf\u00fchren wollen, sind gleich zwei S\u00e4tze von Substraten zu erstellen. Da freut es einen dann, wenn Andreas Franke, der neue Assistent, dann auch mal mit Hand anlegt und man nicht nur von verschiedenen Seiten mehr oder minder \u00fcberfl\u00fcssige Kommentare zu h\u00f6ren kriegt.<\/p>\n<p>\nAm Montag werden dann auch die ersten Kurzreferate gehalten und ich verspreche mir davon, dass die betreffenden StudentInnen punktuell recht tief in die Materie eindringen. In der Regel werden ja vor allem Klausurleistungen erwartet, bei denen in kurzer Zeit eine ganze Vielfalt von Aufgaben zu l\u00f6sen ist, so dass eigentlich gar keine Zeit zum Nachdenken bleibt. Der praktische, berufliche Einsatzfall sieht aber eher so aus, dass man gen\u00fcgend Zeit hat, sich etwas zu \u00fcberlegen, wie man auch an den Projekten Spritzenzielger\u00e4t oder Babajagahaus sieht.<\/p>\n<p>\nSich eine Sache gr\u00fcndlich zu \u00fcberlegen, bevor man zur Tat schreitet, ist nicht das schlechteste Verfahren. Ich hatte mal einen Elektroniker zum Kollegen, der so strukturiert vorging, dass er alles genauestens ausdachte, dann realisierte und es gab dabei selten unliebsame \u00dcberraschungen.<\/p>\n<p>\nDarauf auch die Jugend vorzubereiten, ist wohl eine Aufgabe, der sich die Lehre st\u00e4rker stellen sollte. Weniger Pr\u00fcfungsstress und kla\u00adre\u00adre Gedanken sollten an den Hoch\u00adschulen einziehen. Man kann nur hoffen, dass es daf\u00fcr auch genug Mitstreiter gibt.<\/p>\n<p>\n<em>Christian Rempel,<br \/>\nIm Waltersdorfe 6.4.2013<br \/>\n<\/em><\/p>\n","protected":false},"excerpt":{"rendered":"<p>In den Startl\u00f6chern &nbsp; Da ich die Ostertage mit den Ellipsen verbracht habe, die die Wasseroberfl\u00e4che in einem geneigten Rohr bildet, war das Wetter weniger interessant. Eigentlich sollte es zwar diesen Freitag schon darangehen, diese Theorie im Spritzenzielger\u00e4t umzusetzen, aber&#8230;<br \/><a class=\"read-more-button\" href=\"https:\/\/www.gedichtladen.de\/blog\/archive\/1348\">Mehr Lesen<\/a><\/p>\n","protected":false},"author":1,"featured_media":0,"comment_status":"open","ping_status":"open","sticky":false,"template":"","format":"standard","meta":{"footnotes":""},"categories":[12],"tags":[],"class_list":["post-1348","post","type-post","status-publish","format-standard","hentry","category-kolumne"],"_links":{"self":[{"href":"https:\/\/www.gedichtladen.de\/blog\/wp-json\/wp\/v2\/posts\/1348","targetHints":{"allow":["GET"]}}],"collection":[{"href":"https:\/\/www.gedichtladen.de\/blog\/wp-json\/wp\/v2\/posts"}],"about":[{"href":"https:\/\/www.gedichtladen.de\/blog\/wp-json\/wp\/v2\/types\/post"}],"author":[{"embeddable":true,"href":"https:\/\/www.gedichtladen.de\/blog\/wp-json\/wp\/v2\/users\/1"}],"replies":[{"embeddable":true,"href":"https:\/\/www.gedichtladen.de\/blog\/wp-json\/wp\/v2\/comments?post=1348"}],"version-history":[{"count":3,"href":"https:\/\/www.gedichtladen.de\/blog\/wp-json\/wp\/v2\/posts\/1348\/revisions"}],"predecessor-version":[{"id":4385,"href":"https:\/\/www.gedichtladen.de\/blog\/wp-json\/wp\/v2\/posts\/1348\/revisions\/4385"}],"wp:attachment":[{"href":"https:\/\/www.gedichtladen.de\/blog\/wp-json\/wp\/v2\/media?parent=1348"}],"wp:term":[{"taxonomy":"category","embeddable":true,"href":"https:\/\/www.gedichtladen.de\/blog\/wp-json\/wp\/v2\/categories?post=1348"},{"taxonomy":"post_tag","embeddable":true,"href":"https:\/\/www.gedichtladen.de\/blog\/wp-json\/wp\/v2\/tags?post=1348"}],"curies":[{"name":"wp","href":"https:\/\/api.w.org\/{rel}","templated":true}]}}